{"id":871,"date":"2015-07-12T23:03:16","date_gmt":"2015-07-12T21:03:16","guid":{"rendered":"http:\/\/www.panpagan.com\/forum_neu\/ppwp\/?p=871"},"modified":"2015-07-12T23:03:16","modified_gmt":"2015-07-12T21:03:16","slug":"litha-fest-des-feuers-fest-des-wassers-von-siat","status":"publish","type":"post","link":"https:\/\/www.panpagan.com\/forum_neu\/ppwp\/litha-fest-des-feuers-fest-des-wassers-von-siat\/","title":{"rendered":"Litha-Fest des Feuers, Fest des Wassers von Siat"},"content":{"rendered":"<p>Die Sommersonnenwende liegt hinter uns.<br \/>\nDoch obwohl die Tage langsam wieder k\u00fcrzer werden, bringen sie doch erst die Hitze des Sommers mit sich.<\/p>\n<p>Litha wird von vielen HeidInnen gefeiert als Hoch-Zeit des Jahres. Jubelnd und gl\u00fccklich \u00fcber den Sommer, die Kraft der Sonne und die hei\u00dfen Tage.<br \/>\nWir feiern die F\u00fclle und den Reichtum, der sich vor uns ausbreitet. Freuen uns an der S\u00fc\u00dfe der Fr\u00fcchte, an den heranwachsenden Jungtieren und der Pracht von Insekten\u00a0 und V\u00f6geln.<br \/>\nDie langen Sommerferien sind f\u00fcr die Sch\u00fcler endlich in Sicht, und auch die Erwachsenen freuen sich auf die Urlaubszeit.<br \/>\nSommerzeit ist Party-Zeit \ud83d\ude09 , und die warmen Temperaturen und der Sonnenschein laden dazu ein, die Zeit mehr in der Natur zu verbringen. &#8211; Oder aber Schutz und K\u00fchle vor der Hitze zu finden.<\/p>\n<p>Am vergangenen Wochenende wurden hier in Deutschland mit Temperaturen bis 40\u00b0C neue Hitzerekorde seit Beginn der Wetteraufzeichnungen im Jahr 1881 aufgestellt.<br \/>\nUnd weiter wird es mit den warmen Tagen gehen, auch wenn die Extremhitze ein wenig zur\u00fcckgegangen ist.<\/p>\n<p>&nbsp;<\/p>\n<p><strong><u>Feuer des Lebens-Feuer der Vernichtung<br \/>\n<\/u><\/strong>Die W\u00e4rme und die Strahlen der Sonne tun uns und unserer Seele nat\u00fcrlich gut.<br \/>\nWir feiern an Litha das Feuer, das Leben schenkt. Die Sonne mit ihrem Leben spendenden Licht und seiner W\u00e4rme, das uns und alles um uns herum aufbl\u00fchen l\u00e4sst.<br \/>\nDoch wir vergessen zu gerne, dass dieses Feuer auch seine lebensfeindliche und vernichtende Seite hat.<\/p>\n<p>Hier in Franken herrscht Trockenheit.<br \/>\nDas Land d\u00fcrstet bereits seit Monaten nach Wasser. Weder der Winter brachte mit Schnee n\u00f6tige Feuchtigkeit, noch hat es im Fr\u00fchling und Fr\u00fchsommer ausreichend geregnet um die Erde zu durchtr\u00e4nken.<br \/>\nDie Bauern f\u00fcrchten um ihre Ernten, in Wald und Flur herrscht Wald- und Grasbrandgefahr und nat\u00fcrlich leiden auch die Tiere unter der D\u00fcrre.<br \/>\nDoch auch anderswo in Deutschland sieht es nicht besser aus.<br \/>\nDie Gewitter und Unwetter, die uns jetzt heimsuchen bringen zwar einiges an Nass mit sich, doch es rauscht in einer Intensit\u00e4t vom Himmel, dass die verdorrte Erde gar nicht f\u00e4hig ist, diese Massen aufzunehmen.<\/p>\n<p>&nbsp;<\/p>\n<p><strong><u>Wasser-das selbstverst\u00e4ndliche Gut<br \/>\n<\/u><\/strong>Das Rufen des Elementes Wasser, ist f\u00fcr viele Heiden heute ein fester Bestandteil von Ritualen.<br \/>\nIch habe mich dieses Jahr bei den Vorbereitungen f\u00fcr unser Litha-Ritual, was wir mit Freunden in unserem Garten feierten, aufgrund der Trockenheit dazu entschieden, nicht nur das Feuer und die Sonne, sondern auch das Wasser feiern zu wollen.<\/p>\n<p>Wir leben hier in Mitteleuropa in einer Region, die (noch) unglaublich Reich an Wasser ist. Wir leben im Grunde in einem Paradies.<br \/>\nDiese Tatsache ist es jedoch wohl auch, die uns nur zu leichtsinnig mit diesem kostbaren Gut umgehen l\u00e4sst.<br \/>\nWir verschwenden es in vielfacher Weise, und nur wenige scheinen diesen Reichtum sch\u00e4tzen zu wissen.<br \/>\nIn den vergangenen, sehr hei\u00dfen Tagen, ist mir noch einmal besonders der Wert dieses so kostbaren Geschenkes zu Bewusstsein gekommen, und auch die (f\u00fcr so selbstverst\u00e4ndlich gehaltenen) Privilegien, die wir hier in Deutschland haben:<br \/>\nFreier Zugang zu unvorstellbaren Mengen an Wasser.<br \/>\nWir k\u00f6nnen jederzeit Waschen, eine Dusche oder ein Bad nehmen.<br \/>\nWir k\u00f6nnen uns den Luxus von Wassertoiletten leisten, und von einem Abwassersystem.<br \/>\nWir haben die M\u00f6glichkeit, jederzeit (!) in saubere Schwimmb\u00e4der zu gehen und erfreuen uns an Springbrunnen, Aquarien und dergleichen mehr.<br \/>\nAuch unsere Hygienestandards verdanken wir nicht unerheblich dem Zugang zu sauberen Wasser.<\/p>\n<p>Wenn wir uns in der Welt umblicken, so ist dieser Reichtum an Wasser nicht \u00fcberall gleich verteilt. Im Gegenteil.<br \/>\nEs gibt viele Orte in der Welt, in denen Menschen der Zugang zu frischen und vor allen Dingen sauberen Wasser verwehrt ist.<br \/>\nSei es, weil es keine Brunnen und\/oder Rohrsysteme gibt, oder weil Firmen wie z.B. Nestl\u00e9 der Meinung sind, IHNEN st\u00fcnde das Wasser zu, um damit Profit zu machen, und das der freie Zugang zu Wasser kein Menschenrecht sei.<\/p>\n<p><span class=\"embed-youtube\" style=\"text-align:center; display: block;\"><iframe loading=\"lazy\" class=\"youtube-player\" width=\"474\" height=\"267\" src=\"https:\/\/www.youtube.com\/embed\/wzlzV7VaqCs?version=3&#038;rel=1&#038;showsearch=0&#038;showinfo=1&#038;iv_load_policy=1&#038;fs=1&#038;hl=de-DE&#038;autohide=2&#038;wmode=transparent\" allowfullscreen=\"true\" style=\"border:0;\" sandbox=\"allow-scripts allow-same-origin allow-popups allow-presentation allow-popups-to-escape-sandbox\"><\/iframe><\/span><\/p>\n<p>\u00dcberall in der Welt gibt es Konflikte um den Zugang zu (Trink)Wasser, und sie werden sich in Zukunft noch mehren.<\/p>\n<p>&nbsp;<\/p>\n<p><span style=\"text-decoration: underline;\"><strong>Die F\u00fclle des Wassers rufen<\/strong><\/span><br \/>\nLitha als Fest des Sommers, der F\u00fclle und des \u00dcberflusses ist daher auch die passende Zeit, um sich des Geschenkes des Wassers bewusst zu werden und wieder diese F\u00fclle sch\u00e4tzen zu lernen.<\/p>\n<p>Gehen wir fort von der materiellen zu einer spirituell-&#8222;energetischen&#8220; Ebene, und betrachten uns die Qualit\u00e4ten, die mit dem Wasserelement verbunden sind, so kann man auch hier die wundervolle Verbindung zu Litha sehen.<br \/>\nIch verbinde Wasser\u00a0 u.a. mit Tiefe, mit Fruchtbarkeit, Lebendigkeit und Flie\u00dfen. Es birgt die ganze Bandbreite von Emotionen. Sprudelnde, \u00fcberquellende Freude, Lebenslust, tiefe Liebe&#8230; (und nat\u00fcrlich auch die &#8222;Schattenbilder&#8220; von Eifersucht, Wut und dergleichen \ud83d\ude09 ).<br \/>\nElemente, die man zur Zeit der Sommersonnenwende sp\u00fcren und (er)leben kann und die unser Leben und Sein als Menschen ebenfalls bereichern.<\/p>\n<p>So w\u00fcnsche ich Euch, liebe Leser, dass Ihr in dieser Sommerzeit nicht nur das Feuer zu sch\u00e4tzen wisst, sondern Euch ebenso bewusst wird, welche Geschenken und welch einen Reichtum das Wasser f\u00fcr Euch bereit h\u00e4lt.<\/p>\n<p>In diesem Sinne<br \/>\nLG &amp; BB<br \/>\nSiat<\/p>\n","protected":false},"excerpt":{"rendered":"<p>Die Sommersonnenwende liegt hinter uns. Doch obwohl die Tage langsam wieder k\u00fcrzer werden, bringen sie doch erst die Hitze des Sommers mit sich. Litha wird von vielen HeidInnen gefeiert als Hoch-Zeit des Jahres. Jubelnd und gl\u00fccklich \u00fcber den Sommer, die Kraft der Sonne und die hei\u00dfen Tage. Wir feiern die F\u00fclle und den Reichtum, der &hellip; <a href=\"https:\/\/www.panpagan.com\/forum_neu\/ppwp\/litha-fest-des-feuers-fest-des-wassers-von-siat\/\" class=\"more-link\"><span class=\"screen-reader-text\">Litha-Fest des Feuers, Fest des Wassers von Siat<\/span> weiterlesen <span class=\"meta-nav\">&rarr;<\/span><\/a><\/p>\n","protected":false},"author":2,"featured_media":874,"comment_status":"open","ping_status":"open","sticky":false,"template":"","format":"standard","meta":{"jetpack_post_was_ever_published":false,"_jetpack_newsletter_access":"","_jetpack_dont_email_post_to_subs":false,"_jetpack_newsletter_tier_id":0,"_jetpack_memberships_contains_paywalled_content":false,"_jetpack_memberships_contains_paid_content":false,"footnotes":"","jetpack_publicize_message":"","jetpack_publicize_feature_enabled":true,"jetpack_social_post_already_shared":true,"jetpack_social_options":{"image_generator_settings":{"template":"highway","default_image_id":0,"font":"","enabled":false},"version":2}},"categories":[84],"tags":[261,304,269,189,267,306,303,268,302,305],"class_list":["post-871","post","type-post","status-publish","format-standard","has-post-thumbnail","hentry","category-der-jahreskreis","tag-elemente","tag-feuer","tag-jahreskreis","tag-jahreskreisfeste","tag-litha","tag-nestle","tag-sabbat","tag-sommersonnenwende","tag-sonnenwende","tag-wasser"],"jetpack_publicize_connections":[],"jetpack_featured_media_url":"https:\/\/www.panpagan.com\/forum_neu\/ppwp\/wp-content\/uploads\/2015\/07\/WasserFeuer.jpg","jetpack_sharing_enabled":true,"jetpack_shortlink":"https:\/\/wp.me\/p55jil-e3","jetpack_likes_enabled":true,"jetpack-related-posts":[{"id":869,"url":"https:\/\/www.panpagan.com\/forum_neu\/ppwp\/gedanken-zu-litha-ein-nachtrag-von-solveig\/","url_meta":{"origin":871,"position":0},"title":"Gedanken zu Litha-Ein Nachtrag von Solveig","author":"Redaktion","date":"12. Juli 2015","format":false,"excerpt":"Mittsommer ist eine Zeit der F\u00fclle. B\u00e4ume tragen Fr\u00fcchte, \u00fcppig wachsen das Korn und die Beeren. Im Tierreich tummelt sich der hoffnungsvolle Nachwuchs. Wir haben bereits geerntet \u2013 Kirschen und Aprikosen aus der Region. Die Spargelsaison ist sogar schon vor\u00fcber. Nun darf das edle Gew\u00e4chs t\u00fcchtig ins Kraut schie\u00dfen und\u2026","rel":"","context":"In &quot;Der Jahreskreis&quot;","block_context":{"text":"Der Jahreskreis","link":"https:\/\/www.panpagan.com\/forum_neu\/ppwp\/category\/tempel-und-hain\/feste-und-feiern\/der-jahreskreis\/"},"img":{"alt_text":"","src":"","width":0,"height":0},"classes":[]},{"id":876,"url":"https:\/\/www.panpagan.com\/forum_neu\/ppwp\/12-07-15-editorial\/","url_meta":{"origin":871,"position":1},"title":"12.07.15-Editorial","author":"Redaktion","date":"12. Juli 2015","format":false,"excerpt":"Hallo zusammen, die Zeit vergeht wie im Flug. Die Sonne hat ihren Zenit an der Sommersonnenwende \u00fcberschritten, und hat ihren langsamen, aber steten Abstieg begonnen. Doch obwohl die Tage langsam wieder k\u00fcrzer werden, gehen die Temperaturen erst einmal weiter nach oben. Das vergangene Wochenende brachte uns hier die bisher hei\u00dfesten\u2026","rel":"","context":"In &quot;Editorials&quot;","block_context":{"text":"Editorials","link":"https:\/\/www.panpagan.com\/forum_neu\/ppwp\/category\/editorials\/"},"img":{"alt_text":"","src":"","width":0,"height":0},"classes":[]},{"id":425,"url":"https:\/\/www.panpagan.com\/forum_neu\/ppwp\/26-10-14-editorial\/","url_meta":{"origin":871,"position":2},"title":"26.10.14 &#8211; Editorial","author":"Siat","date":"26. Oktober 2014","format":false,"excerpt":"\u00a0 Hallo zusammen, langsam scheint uns der Winter einzuholen. Die Tage sind etwas k\u00fchler geworden und auch die heutige Umstellung der Zeit auf die Winterzeit erinnert uns daran, dass der Winter langsam aber sicher vor der T\u00fcr steht. Doch auch ohne die Umstellung der Uhr ist feststellbar, dass die Tage\u2026","rel":"","context":"In &quot;Editorials&quot;","block_context":{"text":"Editorials","link":"https:\/\/www.panpagan.com\/forum_neu\/ppwp\/category\/editorials\/"},"img":{"alt_text":"","src":"https:\/\/i0.wp.com\/www.panpagan.com\/forum_neu\/ppwp\/wp-content\/uploads\/2014\/10\/Samhain.jpg?resize=350%2C200&ssl=1","width":350,"height":200,"srcset":"https:\/\/i0.wp.com\/www.panpagan.com\/forum_neu\/ppwp\/wp-content\/uploads\/2014\/10\/Samhain.jpg?resize=350%2C200&ssl=1 1x, https:\/\/i0.wp.com\/www.panpagan.com\/forum_neu\/ppwp\/wp-content\/uploads\/2014\/10\/Samhain.jpg?resize=525%2C300&ssl=1 1.5x"},"classes":[]},{"id":1316,"url":"https:\/\/www.panpagan.com\/forum_neu\/ppwp\/editorial-09-juli-2017\/","url_meta":{"origin":871,"position":3},"title":"Editorial-09.Juli 2017","author":"Redaktion","date":"10. Juli 2017","format":false,"excerpt":"Hallo zusammen, ist es denn zufassen? Kaum hat man mit der Wimper gezuckt, so ist auch schon das erste Halbjahr vorbei gezogen. Da fragt man sich doch manchmal, wo die Zeit blo\u00df bleibt? Und es ist doch erschreckend, wenn man sich vor Augen f\u00fchrt, was einem alles Zeit raubt, die\u2026","rel":"","context":"In &quot;Allgemein&quot;","block_context":{"text":"Allgemein","link":"https:\/\/www.panpagan.com\/forum_neu\/ppwp\/category\/allgemein\/"},"img":{"alt_text":"","src":"","width":0,"height":0},"classes":[]},{"id":1297,"url":"https:\/\/www.panpagan.com\/forum_neu\/ppwp\/eindruecke-von-unserem-litha-ritual\/","url_meta":{"origin":871,"position":4},"title":"Eindr\u00fccke von unserem Litha-Ritual","author":"Siat","date":"10. Juli 2017","format":false,"excerpt":"Es war ein wunderbares Fest. Auch wenn die Temperaturen etwas zu w\u00fcnschen \u00fcbrig lie\u00dfen (die Schafsk\u00e4lte war noch nicht vor\u00fcber), so verbrachten wir doch ein wundervolles Wochenende und einen tollen Ritual-Tag. Aus terminlichen Gr\u00fcnden hatten wir unsere Feier auf den Sonnabend vor der eigentlichen Sonnenwende gelegt. Ich wagte dieses Mal\u2026","rel":"","context":"In &quot;Der Jahreskreis&quot;","block_context":{"text":"Der Jahreskreis","link":"https:\/\/www.panpagan.com\/forum_neu\/ppwp\/category\/tempel-und-hain\/feste-und-feiern\/der-jahreskreis\/"},"img":{"alt_text":"","src":"https:\/\/i0.wp.com\/www.panpagan.com\/forum_neu\/ppwp\/wp-content\/uploads\/2017\/07\/Litha2017_Mittag1.jpg?resize=350%2C200&ssl=1","width":350,"height":200,"srcset":"https:\/\/i0.wp.com\/www.panpagan.com\/forum_neu\/ppwp\/wp-content\/uploads\/2017\/07\/Litha2017_Mittag1.jpg?resize=350%2C200&ssl=1 1x, https:\/\/i0.wp.com\/www.panpagan.com\/forum_neu\/ppwp\/wp-content\/uploads\/2017\/07\/Litha2017_Mittag1.jpg?resize=525%2C300&ssl=1 1.5x, https:\/\/i0.wp.com\/www.panpagan.com\/forum_neu\/ppwp\/wp-content\/uploads\/2017\/07\/Litha2017_Mittag1.jpg?resize=700%2C400&ssl=1 2x"},"classes":[]},{"id":925,"url":"https:\/\/www.panpagan.com\/forum_neu\/ppwp\/02-08-2015-editorial\/","url_meta":{"origin":871,"position":5},"title":"02. 08. 2015- Editorial","author":"Redaktion","date":"2. August 2015","format":false,"excerpt":"Hallo zusammen, mit dem Erntefest Lughnassadh beginnt die Zeit der Ernte, des Abschiednehmens und des Loslassens. In diesem Jahr wurde es sogar begleitet mit einem \"Blue Moon\", einem zweiten Vollmond innerhalb eines Monats, der von uns alle vier Jahre beobachtet werden kann. Die Hundstage, die hei\u00dfesten Tage des Jahres, die\u2026","rel":"","context":"In &quot;Editorials&quot;","block_context":{"text":"Editorials","link":"https:\/\/www.panpagan.com\/forum_neu\/ppwp\/category\/editorials\/"},"img":{"alt_text":"","src":"https:\/\/i0.wp.com\/www.panpagan.com\/forum_neu\/ppwp\/wp-content\/uploads\/2015\/08\/StrawHandbells_ccWikipedia-e1438551789563.jpg?resize=350%2C200&ssl=1","width":350,"height":200,"srcset":"https:\/\/i0.wp.com\/www.panpagan.com\/forum_neu\/ppwp\/wp-content\/uploads\/2015\/08\/StrawHandbells_ccWikipedia-e1438551789563.jpg?resize=350%2C200&ssl=1 1x, https:\/\/i0.wp.com\/www.panpagan.com\/forum_neu\/ppwp\/wp-content\/uploads\/2015\/08\/StrawHandbells_ccWikipedia-e1438551789563.jpg?resize=525%2C300&ssl=1 1.5x, https:\/\/i0.wp.com\/www.panpagan.com\/forum_neu\/ppwp\/wp-content\/uploads\/2015\/08\/StrawHandbells_ccWikipedia-e1438551789563.jpg?resize=700%2C400&ssl=1 2x"},"classes":[]}],"_links":{"self":[{"href":"https:\/\/www.panpagan.com\/forum_neu\/ppwp\/wp-json\/wp\/v2\/posts\/871","targetHints":{"allow":["GET"]}}],"collection":[{"href":"https:\/\/www.panpagan.com\/forum_neu\/ppwp\/wp-json\/wp\/v2\/posts"}],"about":[{"href":"https:\/\/www.panpagan.com\/forum_neu\/ppwp\/wp-json\/wp\/v2\/types\/post"}],"author":[{"embeddable":true,"href":"https:\/\/www.panpagan.com\/forum_neu\/ppwp\/wp-json\/wp\/v2\/users\/2"}],"replies":[{"embeddable":true,"href":"https:\/\/www.panpagan.com\/forum_neu\/ppwp\/wp-json\/wp\/v2\/comments?post=871"}],"version-history":[{"count":3,"href":"https:\/\/www.panpagan.com\/forum_neu\/ppwp\/wp-json\/wp\/v2\/posts\/871\/revisions"}],"predecessor-version":[{"id":879,"href":"https:\/\/www.panpagan.com\/forum_neu\/ppwp\/wp-json\/wp\/v2\/posts\/871\/revisions\/879"}],"wp:featuredmedia":[{"embeddable":true,"href":"https:\/\/www.panpagan.com\/forum_neu\/ppwp\/wp-json\/wp\/v2\/media\/874"}],"wp:attachment":[{"href":"https:\/\/www.panpagan.com\/forum_neu\/ppwp\/wp-json\/wp\/v2\/media?parent=871"}],"wp:term":[{"taxonomy":"category","embeddable":true,"href":"https:\/\/www.panpagan.com\/forum_neu\/ppwp\/wp-json\/wp\/v2\/categories?post=871"},{"taxonomy":"post_tag","embeddable":true,"href":"https:\/\/www.panpagan.com\/forum_neu\/ppwp\/wp-json\/wp\/v2\/tags?post=871"}],"curies":[{"name":"wp","href":"https:\/\/api.w.org\/{rel}","templated":true}]}}