{"id":869,"date":"2015-07-12T23:03:00","date_gmt":"2015-07-12T21:03:00","guid":{"rendered":"http:\/\/www.panpagan.com\/forum_neu\/ppwp\/?p=869"},"modified":"2015-07-12T23:03:00","modified_gmt":"2015-07-12T21:03:00","slug":"gedanken-zu-litha-ein-nachtrag-von-solveig","status":"publish","type":"post","link":"https:\/\/www.panpagan.com\/forum_neu\/ppwp\/gedanken-zu-litha-ein-nachtrag-von-solveig\/","title":{"rendered":"Gedanken zu Litha-Ein Nachtrag von Solveig"},"content":{"rendered":"<p>Mittsommer ist eine Zeit der F\u00fclle.<br \/>\nB\u00e4ume tragen Fr\u00fcchte, \u00fcppig wachsen das Korn und die Beeren. Im Tierreich tummelt sich der hoffnungsvolle Nachwuchs.<br \/>\nWir haben bereits geerntet \u2013 Kirschen und Aprikosen aus der Region.<br \/>\nDie Spargelsaison ist sogar schon vor\u00fcber. Nun darf das edle Gew\u00e4chs t\u00fcchtig ins Kraut schie\u00dfen und Kraft zur Vermehrung sammeln.<\/p>\n<p>Die F\u00fclle, die uns von der Natur zur Verf\u00fcgung gestellt wird, wollen wir teilen. Gemeinsam feiern wir das Fest des l\u00e4ngsten Tages und der k\u00fcrzesten Nacht \u2013 mit Essen, Trinken und Fr\u00f6hlichkeit.<\/p>\n<p>In unseren Breiten ist der Sommer kurz, und jeder einzelne Sonnentag ist ein Fest an sich. Wenn heute die Sonne nicht so warm scheint, wie die vergangene Woche es erhoffen lie\u00df, so gemahnt uns dies, unsere Erwartungen nicht zu hoch zu stecken.<br \/>\nWohl d\u00fcrfen wir hoffen und tr\u00e4umen und Zukunftspl\u00e4ne machen, doch am Ende gilt es, mit dem zurechtzukommen, was wir vorfinden.<\/p>\n<p>Drum lasst unseren Blick auf die sch\u00f6nen Seiten heften, auf die Chancen, die das gemeinsam Feiern in diesem Kreis f\u00fcr uns bietet. Lasst uns die Gesellschaft all jener genie\u00dfen, die heute gekommen sind, und h\u00f6flich darum bitten, dass Thor unseren Platz trocken h\u00e4lt.<\/p>\n","protected":false},"excerpt":{"rendered":"<p>Mittsommer ist eine Zeit der F\u00fclle. B\u00e4ume tragen Fr\u00fcchte, \u00fcppig wachsen das Korn und die Beeren. Im Tierreich tummelt sich der hoffnungsvolle Nachwuchs. Wir haben bereits geerntet \u2013 Kirschen und Aprikosen aus der Region. Die Spargelsaison ist sogar schon vor\u00fcber. Nun darf das edle Gew\u00e4chs t\u00fcchtig ins Kraut schie\u00dfen und Kraft zur Vermehrung sammeln. Die &hellip; <a href=\"https:\/\/www.panpagan.com\/forum_neu\/ppwp\/gedanken-zu-litha-ein-nachtrag-von-solveig\/\" class=\"more-link\"><span class=\"screen-reader-text\">Gedanken zu Litha-Ein Nachtrag von Solveig<\/span> weiterlesen <span class=\"meta-nav\">&rarr;<\/span><\/a><\/p>\n","protected":false},"author":7,"featured_media":0,"comment_status":"open","ping_status":"open","sticky":false,"template":"","format":"standard","meta":{"jetpack_post_was_ever_published":false,"_jetpack_newsletter_access":"","_jetpack_dont_email_post_to_subs":false,"_jetpack_newsletter_tier_id":0,"_jetpack_memberships_contains_paywalled_content":false,"_jetpack_memberships_contains_paid_content":false,"footnotes":"","jetpack_publicize_message":"","jetpack_publicize_feature_enabled":true,"jetpack_social_post_already_shared":true,"jetpack_social_options":{"image_generator_settings":{"template":"highway","default_image_id":0,"font":"","enabled":false},"version":2}},"categories":[84],"tags":[269,189,267,190,268],"class_list":["post-869","post","type-post","status-publish","format-standard","hentry","category-der-jahreskreis","tag-jahreskreis","tag-jahreskreisfeste","tag-litha","tag-sabbate","tag-sommersonnenwende"],"jetpack_publicize_connections":[],"jetpack_featured_media_url":"","jetpack_sharing_enabled":true,"jetpack_shortlink":"https:\/\/wp.me\/p55jil-e1","jetpack_likes_enabled":true,"jetpack-related-posts":[{"id":871,"url":"https:\/\/www.panpagan.com\/forum_neu\/ppwp\/litha-fest-des-feuers-fest-des-wassers-von-siat\/","url_meta":{"origin":869,"position":0},"title":"Litha-Fest des Feuers, Fest des Wassers von Siat","author":"Siat","date":"12. Juli 2015","format":false,"excerpt":"Die Sommersonnenwende liegt hinter uns. Doch obwohl die Tage langsam wieder k\u00fcrzer werden, bringen sie doch erst die Hitze des Sommers mit sich. Litha wird von vielen HeidInnen gefeiert als Hoch-Zeit des Jahres. Jubelnd und gl\u00fccklich \u00fcber den Sommer, die Kraft der Sonne und die hei\u00dfen Tage. Wir feiern die\u2026","rel":"","context":"In &quot;Der Jahreskreis&quot;","block_context":{"text":"Der Jahreskreis","link":"https:\/\/www.panpagan.com\/forum_neu\/ppwp\/category\/tempel-und-hain\/feste-und-feiern\/der-jahreskreis\/"},"img":{"alt_text":"","src":"https:\/\/i0.wp.com\/www.panpagan.com\/forum_neu\/ppwp\/wp-content\/uploads\/2015\/07\/WasserFeuer.jpg?resize=350%2C200&ssl=1","width":350,"height":200,"srcset":"https:\/\/i0.wp.com\/www.panpagan.com\/forum_neu\/ppwp\/wp-content\/uploads\/2015\/07\/WasserFeuer.jpg?resize=350%2C200&ssl=1 1x, https:\/\/i0.wp.com\/www.panpagan.com\/forum_neu\/ppwp\/wp-content\/uploads\/2015\/07\/WasserFeuer.jpg?resize=525%2C300&ssl=1 1.5x, https:\/\/i0.wp.com\/www.panpagan.com\/forum_neu\/ppwp\/wp-content\/uploads\/2015\/07\/WasserFeuer.jpg?resize=700%2C400&ssl=1 2x, https:\/\/i0.wp.com\/www.panpagan.com\/forum_neu\/ppwp\/wp-content\/uploads\/2015\/07\/WasserFeuer.jpg?resize=1050%2C600&ssl=1 3x, https:\/\/i0.wp.com\/www.panpagan.com\/forum_neu\/ppwp\/wp-content\/uploads\/2015\/07\/WasserFeuer.jpg?resize=1400%2C800&ssl=1 4x"},"classes":[]},{"id":914,"url":"https:\/\/www.panpagan.com\/forum_neu\/ppwp\/gedanken-zu-lughnassad-von-solveig\/","url_meta":{"origin":869,"position":1},"title":"Gedanken zu Lughnassad von Solveig","author":"Redaktion","date":"2. August 2015","format":false,"excerpt":"Lughnasad ist das zweite Jahreskreis-Fest, an dem wir f\u00fcr reiche Ernte danke sagen. Das Getreide ist eingebracht, die goldgelben K\u00f6rner lagern sicher in der Scheune (oder im Silo, wo die M\u00e4use ihren Anteil nicht wegstehlen k\u00f6nnen). Die Bauern haben Anlass, ein fr\u00f6hliches Fest zu feiern, denn eine wichtige Etappe in\u2026","rel":"","context":"In &quot;Der Jahreskreis&quot;","block_context":{"text":"Der Jahreskreis","link":"https:\/\/www.panpagan.com\/forum_neu\/ppwp\/category\/tempel-und-hain\/feste-und-feiern\/der-jahreskreis\/"},"img":{"alt_text":"","src":"","width":0,"height":0},"classes":[]},{"id":876,"url":"https:\/\/www.panpagan.com\/forum_neu\/ppwp\/12-07-15-editorial\/","url_meta":{"origin":869,"position":2},"title":"12.07.15-Editorial","author":"Redaktion","date":"12. Juli 2015","format":false,"excerpt":"Hallo zusammen, die Zeit vergeht wie im Flug. Die Sonne hat ihren Zenit an der Sommersonnenwende \u00fcberschritten, und hat ihren langsamen, aber steten Abstieg begonnen. Doch obwohl die Tage langsam wieder k\u00fcrzer werden, gehen die Temperaturen erst einmal weiter nach oben. Das vergangene Wochenende brachte uns hier die bisher hei\u00dfesten\u2026","rel":"","context":"In &quot;Editorials&quot;","block_context":{"text":"Editorials","link":"https:\/\/www.panpagan.com\/forum_neu\/ppwp\/category\/editorials\/"},"img":{"alt_text":"","src":"","width":0,"height":0},"classes":[]},{"id":812,"url":"https:\/\/www.panpagan.com\/forum_neu\/ppwp\/gedanken-zu-beltane-ein-nachtrag-von-solveig-2\/","url_meta":{"origin":869,"position":3},"title":"Gedanken zu Beltane-Ein Nachtrag von Solveig","author":"Redaktion","date":"11. Mai 2015","format":false,"excerpt":"Beltane ist ein Fest des Lebens, der Fruchtbarkeit, des Sieges der Sonne \u00fcber K\u00e4lte und Nacht. Endg\u00fcltig hat nun der Sommer \u00fcber den Winter triumphiert (auch wenn sich das heute wetterm\u00e4\u00dfig nicht so anf\u00fchlt). Der Sonnengott ist zum geschlechtsreifen J\u00fcngling herangewachsen und stellt sich der Herrschaft \u00fcber das Land. Die\u2026","rel":"","context":"In &quot;Der Jahreskreis&quot;","block_context":{"text":"Der Jahreskreis","link":"https:\/\/www.panpagan.com\/forum_neu\/ppwp\/category\/tempel-und-hain\/feste-und-feiern\/der-jahreskreis\/"},"img":{"alt_text":"","src":"https:\/\/i0.wp.com\/www.panpagan.com\/forum_neu\/ppwp\/wp-content\/uploads\/2015\/05\/Maypole.jpg?resize=350%2C200&ssl=1","width":350,"height":200,"srcset":"https:\/\/i0.wp.com\/www.panpagan.com\/forum_neu\/ppwp\/wp-content\/uploads\/2015\/05\/Maypole.jpg?resize=350%2C200&ssl=1 1x, https:\/\/i0.wp.com\/www.panpagan.com\/forum_neu\/ppwp\/wp-content\/uploads\/2015\/05\/Maypole.jpg?resize=525%2C300&ssl=1 1.5x, https:\/\/i0.wp.com\/www.panpagan.com\/forum_neu\/ppwp\/wp-content\/uploads\/2015\/05\/Maypole.jpg?resize=700%2C400&ssl=1 2x, https:\/\/i0.wp.com\/www.panpagan.com\/forum_neu\/ppwp\/wp-content\/uploads\/2015\/05\/Maypole.jpg?resize=1050%2C600&ssl=1 3x, https:\/\/i0.wp.com\/www.panpagan.com\/forum_neu\/ppwp\/wp-content\/uploads\/2015\/05\/Maypole.jpg?resize=1400%2C800&ssl=1 4x"},"classes":[]},{"id":1297,"url":"https:\/\/www.panpagan.com\/forum_neu\/ppwp\/eindruecke-von-unserem-litha-ritual\/","url_meta":{"origin":869,"position":4},"title":"Eindr\u00fccke von unserem Litha-Ritual","author":"Siat","date":"10. Juli 2017","format":false,"excerpt":"Es war ein wunderbares Fest. Auch wenn die Temperaturen etwas zu w\u00fcnschen \u00fcbrig lie\u00dfen (die Schafsk\u00e4lte war noch nicht vor\u00fcber), so verbrachten wir doch ein wundervolles Wochenende und einen tollen Ritual-Tag. Aus terminlichen Gr\u00fcnden hatten wir unsere Feier auf den Sonnabend vor der eigentlichen Sonnenwende gelegt. Ich wagte dieses Mal\u2026","rel":"","context":"In &quot;Der Jahreskreis&quot;","block_context":{"text":"Der Jahreskreis","link":"https:\/\/www.panpagan.com\/forum_neu\/ppwp\/category\/tempel-und-hain\/feste-und-feiern\/der-jahreskreis\/"},"img":{"alt_text":"","src":"https:\/\/i0.wp.com\/www.panpagan.com\/forum_neu\/ppwp\/wp-content\/uploads\/2017\/07\/Litha2017_Mittag1.jpg?resize=350%2C200&ssl=1","width":350,"height":200,"srcset":"https:\/\/i0.wp.com\/www.panpagan.com\/forum_neu\/ppwp\/wp-content\/uploads\/2017\/07\/Litha2017_Mittag1.jpg?resize=350%2C200&ssl=1 1x, https:\/\/i0.wp.com\/www.panpagan.com\/forum_neu\/ppwp\/wp-content\/uploads\/2017\/07\/Litha2017_Mittag1.jpg?resize=525%2C300&ssl=1 1.5x, https:\/\/i0.wp.com\/www.panpagan.com\/forum_neu\/ppwp\/wp-content\/uploads\/2017\/07\/Litha2017_Mittag1.jpg?resize=700%2C400&ssl=1 2x"},"classes":[]},{"id":763,"url":"https:\/\/www.panpagan.com\/forum_neu\/ppwp\/gedanken-zu-ostara-von-solveig\/","url_meta":{"origin":869,"position":5},"title":"Gedanken zu Ostara von Solveig","author":"Redaktion","date":"22. M\u00e4rz 2015","format":false,"excerpt":"Heute begehen wir das Fest der Tag- und Nachtgleiche. Ein \u00c4quinoktium ist lt. Wikipedia der Moment, an dem die Sonne bei ihrer scheinbaren Jahresbewegung auf der Ekliptik den Himmels\u00e4quator \u00fcberschreitet.\u00a0 Die Schnittpunkte von Ekliptik und \u00c4quator werden Fr\u00fchlings- und Herbst- bzw. Widder- und Waagepunkt genannt. Die Tag- und Nachtgleichen sind\u2026","rel":"","context":"In &quot;Der Jahreskreis&quot;","block_context":{"text":"Der Jahreskreis","link":"https:\/\/www.panpagan.com\/forum_neu\/ppwp\/category\/tempel-und-hain\/feste-und-feiern\/der-jahreskreis\/"},"img":{"alt_text":"","src":"https:\/\/i0.wp.com\/www.panpagan.com\/forum_neu\/ppwp\/wp-content\/uploads\/2015\/03\/Eastereggs_ostereier.jpg?resize=350%2C200&ssl=1","width":350,"height":200,"srcset":"https:\/\/i0.wp.com\/www.panpagan.com\/forum_neu\/ppwp\/wp-content\/uploads\/2015\/03\/Eastereggs_ostereier.jpg?resize=350%2C200&ssl=1 1x, https:\/\/i0.wp.com\/www.panpagan.com\/forum_neu\/ppwp\/wp-content\/uploads\/2015\/03\/Eastereggs_ostereier.jpg?resize=525%2C300&ssl=1 1.5x, https:\/\/i0.wp.com\/www.panpagan.com\/forum_neu\/ppwp\/wp-content\/uploads\/2015\/03\/Eastereggs_ostereier.jpg?resize=700%2C400&ssl=1 2x, https:\/\/i0.wp.com\/www.panpagan.com\/forum_neu\/ppwp\/wp-content\/uploads\/2015\/03\/Eastereggs_ostereier.jpg?resize=1050%2C600&ssl=1 3x, https:\/\/i0.wp.com\/www.panpagan.com\/forum_neu\/ppwp\/wp-content\/uploads\/2015\/03\/Eastereggs_ostereier.jpg?resize=1400%2C800&ssl=1 4x"},"classes":[]}],"_links":{"self":[{"href":"https:\/\/www.panpagan.com\/forum_neu\/ppwp\/wp-json\/wp\/v2\/posts\/869","targetHints":{"allow":["GET"]}}],"collection":[{"href":"https:\/\/www.panpagan.com\/forum_neu\/ppwp\/wp-json\/wp\/v2\/posts"}],"about":[{"href":"https:\/\/www.panpagan.com\/forum_neu\/ppwp\/wp-json\/wp\/v2\/types\/post"}],"author":[{"embeddable":true,"href":"https:\/\/www.panpagan.com\/forum_neu\/ppwp\/wp-json\/wp\/v2\/users\/7"}],"replies":[{"embeddable":true,"href":"https:\/\/www.panpagan.com\/forum_neu\/ppwp\/wp-json\/wp\/v2\/comments?post=869"}],"version-history":[{"count":2,"href":"https:\/\/www.panpagan.com\/forum_neu\/ppwp\/wp-json\/wp\/v2\/posts\/869\/revisions"}],"predecessor-version":[{"id":880,"href":"https:\/\/www.panpagan.com\/forum_neu\/ppwp\/wp-json\/wp\/v2\/posts\/869\/revisions\/880"}],"wp:attachment":[{"href":"https:\/\/www.panpagan.com\/forum_neu\/ppwp\/wp-json\/wp\/v2\/media?parent=869"}],"wp:term":[{"taxonomy":"category","embeddable":true,"href":"https:\/\/www.panpagan.com\/forum_neu\/ppwp\/wp-json\/wp\/v2\/categories?post=869"},{"taxonomy":"post_tag","embeddable":true,"href":"https:\/\/www.panpagan.com\/forum_neu\/ppwp\/wp-json\/wp\/v2\/tags?post=869"}],"curies":[{"name":"wp","href":"https:\/\/api.w.org\/{rel}","templated":true}]}}