{"id":791,"date":"2015-07-12T23:02:39","date_gmt":"2015-07-12T21:02:39","guid":{"rendered":"http:\/\/www.panpagan.com\/forum_neu\/ppwp\/?p=791"},"modified":"2015-07-12T23:02:39","modified_gmt":"2015-07-12T21:02:39","slug":"von-der-schoepfung-der-welt-teil-1-von-merienptah","status":"publish","type":"post","link":"https:\/\/www.panpagan.com\/forum_neu\/ppwp\/von-der-schoepfung-der-welt-teil-1-von-merienptah\/","title":{"rendered":"Von der Sch\u00f6pfung der Welt (Teil 1) von Merienptah"},"content":{"rendered":"<p>Das alte Kemet hat in seiner vieltausendj\u00e4hrigen Geschichte wohl mehr Sch\u00f6pfungsmythen hervorgebracht als jede andere alte Kultur.<br \/>\nDie scheinbare Ironie an der Sache ist, dass diese Kosmogonien und Theogonien auf den ersten Blick widerspr\u00fcchliche Darstellungen ihrer mythischen Entstehung und Beherrschung des Kosmos beinhalten und dass sie im Laufe der gesamten Geschichte Kemets nie zu einer einzigen, allgemeing\u00fcltigen Sch\u00f6pfungsgeschichte verschmolzen wurden.<\/p>\n<p><img loading=\"lazy\" decoding=\"async\" class=\" alignright\" src=\"http:\/\/blog.wurzelwerk.at\/wp-content\/uploads\/2013\/10\/NeuesLand-500x324.jpg\" alt=\"\" width=\"330\" height=\"214\" \/><\/p>\n<p>Im Prinzip hatte jede gr\u00f6\u00dfere Ortschaft mit ihrer lokalen G\u00f6tterfamilie auch ihren eigenen Sch\u00f6pfungsmythos, also ihre eigene Sicht auf die Entstehung der Welt, die diese meist in die Hand des lokalen Hauptgottes legte.<br \/>\nEinig sind sich alle diese Mythen in der Beschreibung des Urzustandes vor der Sch\u00f6pfung.<\/p>\n<p>Am Anfang war das gesamte Universum von einem Urozean, genannt Nun, angef\u00fcllt. Dieses Urgew\u00e4sser hatte weder Grenzen noch eine Oberfl\u00e4che; es f\u00fcllte das gesamte Universum aus und wird in den Mythen oft mit einem \u201ekosmischen Ei\u201c umschrieben. Die Wasser des Nun standen und waren v\u00f6llig bewegungslos.<br \/>\nDie zweite \u00dcbereinstimmung aller Kosmogonien ist die Vorstellung von einem Urh\u00fcgel, der sich am Beginn alles Seins durch Intervention des jeweiligen Sch\u00f6pfergottes aus dem Urozean Nun erhob. Dieser Urh\u00fcgel war die Verortung der jeweiligen Sch\u00f6pfungsgeschichte.<br \/>\nDiese Annahme l\u00e4sst sich interessanterweise mit dem Zustand des Universums vergleichen, der der heutigen Kosmologie zufolge vor dem Urknall geherrscht hat.<br \/>\nDer Urozean Nun steht also symbolisch f\u00fcr die urspr\u00fcngliche Singularit\u00e4t aus der beim Urknall, also dem Auftauchen des Urh\u00fcgels, gemeinsam Materie, Raum und Zeit entstanden.<\/p>\n<p>Die verschiedenen Mythen sind sich auch in der Ansicht einig, dass am Ende aller Zeiten das gesamte Universum wieder in diesen Urzustand zur\u00fcckversetzt wird.<br \/>\nAuch das deckt sich in gewisser Weise mit den Ansichten der modernen kosmologischer Wissenschaft innerhalb der Physik, die davon ausgeht, dass am Ende aller Zeit eine Art umgekehrter Urknall das Universum wieder in seinen Anfangszustand zur\u00fcckversetzt.<\/p>\n<p>Diese Gedankeng\u00e4nge zur Sch\u00f6pfung lassen sich auch mit den ins kosmische \u00fcbersteigerten Naturbeobachtungen im Niltal erkl\u00e4ren, da jedes Jahr das aus den Fluten des Nils auftauchende Fruchtland bei der n\u00e4chsten Nilschwelle wieder in den Wassern versank um danach erneut beim Absinken dieser Flut wieder aufzutauchen.<br \/>\nSomit entsteht ein Bild eines fortw\u00e4hrenden Kreislaufes der Sch\u00f6pfung.<\/p>\n<p>Die Sch\u00f6pfung wird in kemetischer Sicht auch nicht als pl\u00f6tzlicher Sch\u00f6pfungsakt sondern mehr als langsamer und fortw\u00e4hrender Prozess verstanden.<br \/>\nWie unterschiedlich auch immer die Ereignisse der Sch\u00f6pfung und deren Abfolge ausgelegt werden, so stimmen sie doch auch darin \u00fcberein, dass die sogenannte \u201eErste Zeit\u201c, also die Epoche, in der die G\u00f6tter tats\u00e4chlich auf der Erde lebten und dort ihre K\u00f6nigreiche hatten, ein gl\u00fcckliches und goldenes Zeitalter gewesen ist, in dem vollst\u00e4ndige Gerechtigkeit (<em>Maat<\/em>) auf der Erde herrschte.<br \/>\nDer legitime Nachfolger dieser G\u00f6tter auf der Erde, der K\u00f6nig von Kemet, hat also die Aufgabe, die Herrschaft der Maat, der Richtigkeit und Gerechtigkeit, die oft auch als gerechte Weltordnung bezeichnet wird, zu bewahren.<\/p>\n<p><span style=\"text-decoration: underline;\"><em><strong>Von Anfang an<\/strong><\/em><\/span><br \/>\nEine der \u00e4ltesten Sch\u00f6pfungsmythen ist die, die im Laufe der Zeit wohl die weiteste Anerkennung im alten Kemet fand, ohne allerdings die anderen Mythen g\u00e4nzlich zu verdr\u00e4ngen: die Kosmogonie der Enneade (Neunheit) von Heliopolis, welches in alter Zeit Iunu genannt wurde.<\/p>\n<p><img loading=\"lazy\" decoding=\"async\" class=\" aligncenter\" src=\"http:\/\/blog.wurzelwerk.at\/wp-content\/uploads\/2013\/10\/G%C3%B6tter.jpg-500x105.png\" alt=\"\" width=\"450\" height=\"94\" \/><\/p>\n<p>Im alten Iunu, dem Hauptzentrum des Sonnenkultes, entwickelte sich eine Kosmogonie, die um die sogenannte Neunheit von Gottheiten errichtet war, die aus dem Sonnengott und acht seiner Nachkommen bestand.<br \/>\nDie mit dieser Sch\u00f6pfung f\u00fcr gew\u00f6hnlich verkn\u00fcpfte Gestalt des Sonnengottes ist der oftmals als \u201eAllherr\u201c bezeichnete Urgott Atum.<br \/>\nEs hei\u00dft von ihm dass er im Urozean Nun bereits \u201ein seinem Ei\u201c existierte.<br \/>\nIm Moment der beginnenden Sch\u00f6pfung wurde Atum durch die Kraft seines eigenen Willens als der \u201eSelbstentstandene\u201c geboren und somit zur Quelle aller weiteren Sch\u00f6pfung.<br \/>\nSein Name bedeutet in etwa \u201eder Vollendete\u201c und somit kann er als personifizierter Urh\u00fcgel betrachtet werden, der sich aus dem Urozean erhob und auf dem sich der Sch\u00f6pfungsprozess einzig durch die Macht und den Willen Atums in Gang setzte.<br \/>\nDas Auftauchen des Atum wird als Erscheinen des Lichts interpretiert, das die chaotische Dunkelheit des Nun vertrieb.<br \/>\nAtum musste, da er ja allein war, seine Nachkommenschaft ohne Gef\u00e4hrtin zeugen.<br \/>\nEr erreichte sein Ziel durch Selbstbesamung, wobei \u201edie Hand des Atum\u201c den weiblichen Part dieses Prozesses \u00fcbernahm.<br \/>\nDemzufolge wird Atum oft zweigeschlechtlich als \u201eder gro\u00dfe Er-Sie\u201c bezeichnet; als \u201eVater-Mutter der G\u00f6tter\u201c.<\/p>\n<p>Seinen Sohn Schu gebar Atum indem er ihn ausspuckte, und seine Tochter Tefnut, indem er sie erbrach.<br \/>\nDie Funktion des Schu als Gott der Luft wird dadurch abgeleitet wie er geboren wurde, also dem Luftzug der beim Ausspucken entstand, und Tefnut wurde aufgrund ihrer Geburtsweise zur G\u00f6ttin der Feuchtigkeit und des Feuers; wohl vergleichbar mit dem Brennen im Hals beim Erbrechen und dem feuchten Endprodukt des Ganzen.<br \/>\nSomit war das erste g\u00f6ttliche Paar entstanden.<br \/>\nW\u00e4hrend das Ka in Atum noch zweigeschlechtlich ist, trennt Atum durch diesen Sch\u00f6pfungsvorgang das Ka in das m\u00e4nnliche (<em>Ka<\/em>) und weibliche (<em>Kat<\/em>) Prinzip.<br \/>\nSchu und Tefnut wurden so zu G\u00f6ttern, die geeignet waren, den Sch\u00f6pfungszyklus fortzusetzen.<br \/>\nSchu und Tefnut als Urg\u00f6tterpaar wurden von Nun, dem personifizierten Urozean aufgezogen und das Auge des Atum wachte \u00fcber sie.<\/p>\n<p>Das Auge von Atum konnte sich von seinem K\u00f6rper l\u00f6sen und war auch eigenst\u00e4ndig im Handeln und F\u00fchlen.<br \/>\nDieses Auge, das Udjat, spielt in wichtigen Mythen eine gro\u00dfe Rolle.<br \/>\nDer eine Mythos berichtet, dass die Kinder Schu und Tefnut in den dunklen Wasserw\u00fcsten des Nun aus dem Gesichtskreis des Atum verschwanden.<br \/>\nAtum sandte daraufhin sein Auge aus, sie zu suchen und zur\u00fcckzubringen.<br \/>\nW\u00e4hrend das Auge nach Schu und Tefnut forschte, hatte Atum es durch ein anderes, viel helleres ersetzt. Oftmals wird der Sonnengott Ra als das \u201ejunge Auge des Atum\u201c bezeichnet.<br \/>\nAls das erste Auge bei seiner R\u00fcckkehr bemerkte, dass sein Platz besetzt war, erboste es.<br \/>\nAtum nahm daher das erste Auge und setzte es an seine Stirn, wo es die ganze Welt, die er zu erschaffen im Begriff war, bewachen konnte.<br \/>\nOft wird das Stirnauge als zerst\u00f6rerische und \u00fcbelabwehrende G\u00f6ttin dargestellt (ein Aspekt der brennenden Sonne). In dieser Gestalt wurde das Stirnauge zur G\u00f6ttin Uto, der sich aufb\u00e4umenden Kobra, die in Gestalt der Ur\u00e4usschlange auf der Stirn der sp\u00e4teren K\u00f6nige Kemets als Symbol und Verteidigerin ihrer Macht prangte.<br \/>\nWeitere Mythen berichten dass aus der Verbindung von Ra und Uto die beiden G\u00f6ttinnen Maat, die Richtigkeit, und Isfet, das Chaos, hervorgegangen sind.<\/p>\n<p><strong>Ende Teil I<\/strong><\/p>\n<p>&nbsp;<\/p>\n","protected":false},"excerpt":{"rendered":"<p>Das alte Kemet hat in seiner vieltausendj\u00e4hrigen Geschichte wohl mehr Sch\u00f6pfungsmythen hervorgebracht als jede andere alte Kultur. Die scheinbare Ironie an der Sache ist, dass diese Kosmogonien und Theogonien auf den ersten Blick widerspr\u00fcchliche Darstellungen ihrer mythischen Entstehung und Beherrschung des Kosmos beinhalten und dass sie im Laufe der gesamten Geschichte Kemets nie zu einer &hellip; <a href=\"https:\/\/www.panpagan.com\/forum_neu\/ppwp\/von-der-schoepfung-der-welt-teil-1-von-merienptah\/\" class=\"more-link\"><span class=\"screen-reader-text\">Von der Sch\u00f6pfung der Welt (Teil 1) von Merienptah<\/span> weiterlesen <span class=\"meta-nav\">&rarr;<\/span><\/a><\/p>\n","protected":false},"author":7,"featured_media":798,"comment_status":"open","ping_status":"open","sticky":false,"template":"","format":"standard","meta":{"jetpack_post_was_ever_published":false,"_jetpack_newsletter_access":"","_jetpack_dont_email_post_to_subs":false,"_jetpack_newsletter_tier_id":0,"_jetpack_memberships_contains_paywalled_content":false,"_jetpack_memberships_contains_paid_content":false,"footnotes":"","jetpack_publicize_message":"Von der Sch\u00f6pfung der Welt (Teil 1) von Merienptah http:\/\/wp.me\/p55jil-cL","jetpack_publicize_feature_enabled":true,"jetpack_social_post_already_shared":true,"jetpack_social_options":{"image_generator_settings":{"template":"highway","default_image_id":0,"font":"","enabled":false},"version":2}},"categories":[75],"tags":[276,275,293,289,295,286,296,217,279,301,300,284,298,297,288,277,278,290,287,294,274,272,273,291,285,282,281,292,280,283,299],"class_list":["post-791","post","type-post","status-publish","format-standard","has-post-thumbnail","hentry","category-am-ufer-des-nils","tag-achtheit","tag-amun","tag-atum","tag-geb","tag-heliopolis","tag-isis","tag-iunu","tag-kemet","tag-kosmisches-ei","tag-kosmogenie","tag-kosmologie","tag-lotos","tag-maat","tag-memphis","tag-nephthys","tag-neunheit","tag-nun","tag-nut","tag-osiris","tag-ptah","tag-re","tag-schoepfung","tag-schoepfungsakt","tag-schu","tag-seth","tag-sonnengott","tag-sonnenhuegel","tag-tefnut","tag-urhuegel","tag-urozean","tag-weltordnung"],"jetpack_publicize_connections":[],"jetpack_featured_media_url":"https:\/\/www.panpagan.com\/forum_neu\/ppwp\/wp-content\/uploads\/2015\/04\/Sunrise_at_Creation.jpg","jetpack_sharing_enabled":true,"jetpack_shortlink":"https:\/\/wp.me\/p55jil-cL","jetpack_likes_enabled":true,"jetpack-related-posts":[{"id":933,"url":"https:\/\/www.panpagan.com\/forum_neu\/ppwp\/von-der-schoepfung-der-welt-teil-4-von-merienptah\/","url_meta":{"origin":791,"position":0},"title":"Von der Sch\u00f6pfung der Welt (Teil 4) von Merienptah","author":"Redaktion","date":"16. August 2015","format":false,"excerpt":"Diese unterschiedlichen Darstellungen von der Sch\u00f6pfung der Welt spiegeln allerdings nicht nur die gegens\u00e4tzlichen \u00dcberlieferungen verschiedener lokaler Kultzentren wieder, sondern stattdessen die unterschiedlichen Aspekte eines Einvernehmens dar\u00fcber, wie die Welt und ihre Sch\u00f6pferg\u00f6tter entstanden sind. Denn so unterschiedlich die kemetischen Kosmogonien auf den ersten Blick auch erscheinen m\u00f6gen, sind sie\u2026","rel":"","context":"In &quot;Am Ufer des Nils&quot;","block_context":{"text":"Am Ufer des Nils","link":"https:\/\/www.panpagan.com\/forum_neu\/ppwp\/category\/heidnisches-multiversum\/am-ufer-des-nils\/"},"img":{"alt_text":"","src":"https:\/\/i0.wp.com\/www.panpagan.com\/forum_neu\/ppwp\/wp-content\/uploads\/2015\/08\/Nun_budgeWikimedia.gif?resize=350%2C200&ssl=1","width":350,"height":200,"srcset":"https:\/\/i0.wp.com\/www.panpagan.com\/forum_neu\/ppwp\/wp-content\/uploads\/2015\/08\/Nun_budgeWikimedia.gif?resize=350%2C200&ssl=1 1x, https:\/\/i0.wp.com\/www.panpagan.com\/forum_neu\/ppwp\/wp-content\/uploads\/2015\/08\/Nun_budgeWikimedia.gif?resize=525%2C300&ssl=1 1.5x, https:\/\/i0.wp.com\/www.panpagan.com\/forum_neu\/ppwp\/wp-content\/uploads\/2015\/08\/Nun_budgeWikimedia.gif?resize=700%2C400&ssl=1 2x, https:\/\/i0.wp.com\/www.panpagan.com\/forum_neu\/ppwp\/wp-content\/uploads\/2015\/08\/Nun_budgeWikimedia.gif?resize=1050%2C600&ssl=1 3x"},"classes":[]},{"id":912,"url":"https:\/\/www.panpagan.com\/forum_neu\/ppwp\/von-der-schoepfung-der-welt-teil-3-von-merienptah\/","url_meta":{"origin":791,"position":1},"title":"Von der Sch\u00f6pfung der Welt (Teil 3) von Merienptah","author":"Redaktion","date":"2. August 2015","format":false,"excerpt":"Eine dritte sehr weit verbreitete Sch\u00f6pfungsgeschichte ist die Kosmogonie von Memphis ..., dem alten Mennefer, der k\u00f6niglichen Residenzstadt am S\u00fcdende des Nildeltas, dem Schnittpunkt von Ober- und Unter\u00e4gypten. Dieser etwas j\u00fcngere Mythos kn\u00fcpft an die heliopolitanische Sch\u00f6pfungsgeschichte an, behauptet aber dar\u00fcber hinaus, dass der memphitische Gott Ptah, auch Ptah-Tatenen genannt,\u2026","rel":"","context":"In &quot;Am Ufer des Nils&quot;","block_context":{"text":"Am Ufer des Nils","link":"https:\/\/www.panpagan.com\/forum_neu\/ppwp\/category\/heidnisches-multiversum\/am-ufer-des-nils\/"},"img":{"alt_text":"","src":"https:\/\/i0.wp.com\/www.panpagan.com\/forum_neu\/ppwp\/wp-content\/uploads\/2015\/08\/AchtheitBearbeitet.jpg?resize=350%2C200&ssl=1","width":350,"height":200,"srcset":"https:\/\/i0.wp.com\/www.panpagan.com\/forum_neu\/ppwp\/wp-content\/uploads\/2015\/08\/AchtheitBearbeitet.jpg?resize=350%2C200&ssl=1 1x, https:\/\/i0.wp.com\/www.panpagan.com\/forum_neu\/ppwp\/wp-content\/uploads\/2015\/08\/AchtheitBearbeitet.jpg?resize=525%2C300&ssl=1 1.5x, https:\/\/i0.wp.com\/www.panpagan.com\/forum_neu\/ppwp\/wp-content\/uploads\/2015\/08\/AchtheitBearbeitet.jpg?resize=700%2C400&ssl=1 2x"},"classes":[]},{"id":883,"url":"https:\/\/www.panpagan.com\/forum_neu\/ppwp\/von-der-schoepfung-der-welt-teil-2-von-merienptah\/","url_meta":{"origin":791,"position":2},"title":"Von der Sch\u00f6pfung der Welt (Teil 2) von Merienptah","author":"Redaktion","date":"26. Juli 2015","format":false,"excerpt":"Neunheit von Iunu Nachdem Schu und Tefnut erwachsen waren wurden sie die Eltern von Geb, der Erde, und dessen Schwester und Gemahlin Nut, dem Himmel. Damit waren die G\u00f6tter der bedeutenden Naturaspekte definiert. Geb und Nut wurden von ihrem Vater Schu getrennt, der sich zwischen sie stellte und somit das\u2026","rel":"","context":"In &quot;Am Ufer des Nils&quot;","block_context":{"text":"Am Ufer des Nils","link":"https:\/\/www.panpagan.com\/forum_neu\/ppwp\/category\/heidnisches-multiversum\/am-ufer-des-nils\/"},"img":{"alt_text":"","src":"https:\/\/i0.wp.com\/www.panpagan.com\/forum_neu\/ppwp\/wp-content\/uploads\/2015\/04\/NeunheitDendera_Deckenrelief_03.jpg?resize=350%2C200&ssl=1","width":350,"height":200,"srcset":"https:\/\/i0.wp.com\/www.panpagan.com\/forum_neu\/ppwp\/wp-content\/uploads\/2015\/04\/NeunheitDendera_Deckenrelief_03.jpg?resize=350%2C200&ssl=1 1x, https:\/\/i0.wp.com\/www.panpagan.com\/forum_neu\/ppwp\/wp-content\/uploads\/2015\/04\/NeunheitDendera_Deckenrelief_03.jpg?resize=525%2C300&ssl=1 1.5x, https:\/\/i0.wp.com\/www.panpagan.com\/forum_neu\/ppwp\/wp-content\/uploads\/2015\/04\/NeunheitDendera_Deckenrelief_03.jpg?resize=700%2C400&ssl=1 2x, https:\/\/i0.wp.com\/www.panpagan.com\/forum_neu\/ppwp\/wp-content\/uploads\/2015\/04\/NeunheitDendera_Deckenrelief_03.jpg?resize=1050%2C600&ssl=1 3x, https:\/\/i0.wp.com\/www.panpagan.com\/forum_neu\/ppwp\/wp-content\/uploads\/2015\/04\/NeunheitDendera_Deckenrelief_03.jpg?resize=1400%2C800&ssl=1 4x"},"classes":[]},{"id":902,"url":"https:\/\/www.panpagan.com\/forum_neu\/ppwp\/26-07-15-editorial\/","url_meta":{"origin":791,"position":3},"title":"26.07.15-Editorial","author":"Redaktion","date":"26. Juli 2015","format":false,"excerpt":"\u00a0 \u00a0 Hallo zusammen, Lughnassadh, bzw. Lammas steht vor unserer T\u00fcr. Die ersten Ernten wurden und werden eingebracht und wir sehen das Korn in voller Reife. F\u00fcr einige ist Lammas das erste Erntefest von dreien, an dessen Ende Samhain und damit auch das Ende des heidnischen Jahreskreises steht. Wir sp\u00fcren\u2026","rel":"","context":"In &quot;Editorials&quot;","block_context":{"text":"Editorials","link":"https:\/\/www.panpagan.com\/forum_neu\/ppwp\/category\/editorials\/"},"img":{"alt_text":"","src":"https:\/\/i0.wp.com\/www.panpagan.com\/forum_neu\/ppwp\/wp-content\/uploads\/2015\/07\/A_Contemporary_Goddess_of_the_corn_._Corn_MotherWikimedia.jpg?resize=350%2C200&ssl=1","width":350,"height":200,"srcset":"https:\/\/i0.wp.com\/www.panpagan.com\/forum_neu\/ppwp\/wp-content\/uploads\/2015\/07\/A_Contemporary_Goddess_of_the_corn_._Corn_MotherWikimedia.jpg?resize=350%2C200&ssl=1 1x, https:\/\/i0.wp.com\/www.panpagan.com\/forum_neu\/ppwp\/wp-content\/uploads\/2015\/07\/A_Contemporary_Goddess_of_the_corn_._Corn_MotherWikimedia.jpg?resize=525%2C300&ssl=1 1.5x, https:\/\/i0.wp.com\/www.panpagan.com\/forum_neu\/ppwp\/wp-content\/uploads\/2015\/07\/A_Contemporary_Goddess_of_the_corn_._Corn_MotherWikimedia.jpg?resize=700%2C400&ssl=1 2x"},"classes":[]},{"id":653,"url":"https:\/\/www.panpagan.com\/forum_neu\/ppwp\/vom-wesen-aegyptischer-tempel-teil-1-vom-merienptah\/","url_meta":{"origin":791,"position":4},"title":"Vom Wesen \u00e4gyptischer Tempel (Teil 1) von Merienptah","author":"Redaktion","date":"8. M\u00e4rz 2015","format":false,"excerpt":"Da die kemetischen Tempel, wie schon so oft erw\u00e4hnt, den Menschen verschlossen bleiben und niemand einen Blick in das Innere werfen darf, m\u00f6chte ich heute mal einen kleinen Einblick in diese heiligen St\u00e4tten gew\u00e4hren um zu erkl\u00e4ren was einen kemetischen Tempel ausmacht, wie er aufgebaut ist, was seine Funktion ist\u2026","rel":"","context":"In &quot;Am Ufer des Nils&quot;","block_context":{"text":"Am Ufer des Nils","link":"https:\/\/www.panpagan.com\/forum_neu\/ppwp\/category\/heidnisches-multiversum\/am-ufer-des-nils\/"},"img":{"alt_text":"","src":"https:\/\/i0.wp.com\/www.panpagan.com\/forum_neu\/ppwp\/wp-content\/uploads\/2015\/03\/Temple_at_Phile_cropped_and_rotated.jpg?resize=350%2C200&ssl=1","width":350,"height":200,"srcset":"https:\/\/i0.wp.com\/www.panpagan.com\/forum_neu\/ppwp\/wp-content\/uploads\/2015\/03\/Temple_at_Phile_cropped_and_rotated.jpg?resize=350%2C200&ssl=1 1x, https:\/\/i0.wp.com\/www.panpagan.com\/forum_neu\/ppwp\/wp-content\/uploads\/2015\/03\/Temple_at_Phile_cropped_and_rotated.jpg?resize=525%2C300&ssl=1 1.5x, https:\/\/i0.wp.com\/www.panpagan.com\/forum_neu\/ppwp\/wp-content\/uploads\/2015\/03\/Temple_at_Phile_cropped_and_rotated.jpg?resize=700%2C400&ssl=1 2x, https:\/\/i0.wp.com\/www.panpagan.com\/forum_neu\/ppwp\/wp-content\/uploads\/2015\/03\/Temple_at_Phile_cropped_and_rotated.jpg?resize=1050%2C600&ssl=1 3x, https:\/\/i0.wp.com\/www.panpagan.com\/forum_neu\/ppwp\/wp-content\/uploads\/2015\/03\/Temple_at_Phile_cropped_and_rotated.jpg?resize=1400%2C800&ssl=1 4x"},"classes":[]},{"id":248,"url":"https:\/\/www.panpagan.com\/forum_neu\/ppwp\/navratri-die-neun-heiligen-naechte-der-mutter-teil-5-2\/","url_meta":{"origin":791,"position":5},"title":"Navratri &#8211; Die neun heiligen N\u00e4chte der Mutter (Teil 5)","author":"Siat","date":"5. Oktober 2014","format":false,"excerpt":"Die Navdurgas Tag 7-9 (Maha-Sarasvati) Die letzten drei N\u00e4chte sind Maha-Sarasvati geweiht, der G\u00f6ttin, die (spirituellen) Erkenntnis,\u00a0 Einsicht und Weisheit schenkt, die (u.a.) aus dem Sieg \u00fcber die (eigenen inneren) D\u00e4monen erw\u00e4chst. 7. Kalaratri \u0915\u093e\u0932\u0930\u093e\u0924\u094d\u0930\u093f\u00a0 Der Name setzt sich zusammen aus kala\/i und ratri (=\"Nacht\", \"Dunkelheit und Stille der Nacht\").\u2026","rel":"","context":"In &quot;Die G\u00f6ttlichen&quot;","block_context":{"text":"Die G\u00f6ttlichen","link":"https:\/\/www.panpagan.com\/forum_neu\/ppwp\/category\/tempel-und-hain\/die-goettlichen\/"},"img":{"alt_text":"","src":"https:\/\/i0.wp.com\/www.panpagan.com\/forum_neu\/ppwp\/wp-content\/uploads\/2014\/09\/Navdurga3.jpg?resize=350%2C200&ssl=1","width":350,"height":200,"srcset":"https:\/\/i0.wp.com\/www.panpagan.com\/forum_neu\/ppwp\/wp-content\/uploads\/2014\/09\/Navdurga3.jpg?resize=350%2C200&ssl=1 1x, https:\/\/i0.wp.com\/www.panpagan.com\/forum_neu\/ppwp\/wp-content\/uploads\/2014\/09\/Navdurga3.jpg?resize=525%2C300&ssl=1 1.5x, https:\/\/i0.wp.com\/www.panpagan.com\/forum_neu\/ppwp\/wp-content\/uploads\/2014\/09\/Navdurga3.jpg?resize=700%2C400&ssl=1 2x"},"classes":[]}],"_links":{"self":[{"href":"https:\/\/www.panpagan.com\/forum_neu\/ppwp\/wp-json\/wp\/v2\/posts\/791","targetHints":{"allow":["GET"]}}],"collection":[{"href":"https:\/\/www.panpagan.com\/forum_neu\/ppwp\/wp-json\/wp\/v2\/posts"}],"about":[{"href":"https:\/\/www.panpagan.com\/forum_neu\/ppwp\/wp-json\/wp\/v2\/types\/post"}],"author":[{"embeddable":true,"href":"https:\/\/www.panpagan.com\/forum_neu\/ppwp\/wp-json\/wp\/v2\/users\/7"}],"replies":[{"embeddable":true,"href":"https:\/\/www.panpagan.com\/forum_neu\/ppwp\/wp-json\/wp\/v2\/comments?post=791"}],"version-history":[{"count":7,"href":"https:\/\/www.panpagan.com\/forum_neu\/ppwp\/wp-json\/wp\/v2\/posts\/791\/revisions"}],"predecessor-version":[{"id":810,"href":"https:\/\/www.panpagan.com\/forum_neu\/ppwp\/wp-json\/wp\/v2\/posts\/791\/revisions\/810"}],"wp:featuredmedia":[{"embeddable":true,"href":"https:\/\/www.panpagan.com\/forum_neu\/ppwp\/wp-json\/wp\/v2\/media\/798"}],"wp:attachment":[{"href":"https:\/\/www.panpagan.com\/forum_neu\/ppwp\/wp-json\/wp\/v2\/media?parent=791"}],"wp:term":[{"taxonomy":"category","embeddable":true,"href":"https:\/\/www.panpagan.com\/forum_neu\/ppwp\/wp-json\/wp\/v2\/categories?post=791"},{"taxonomy":"post_tag","embeddable":true,"href":"https:\/\/www.panpagan.com\/forum_neu\/ppwp\/wp-json\/wp\/v2\/tags?post=791"}],"curies":[{"name":"wp","href":"https:\/\/api.w.org\/{rel}","templated":true}]}}