{"id":737,"date":"2015-03-22T21:23:42","date_gmt":"2015-03-22T19:23:42","guid":{"rendered":"http:\/\/www.panpagan.com\/forum_neu\/ppwp\/?p=737"},"modified":"2015-03-22T21:58:07","modified_gmt":"2015-03-22T19:58:07","slug":"22-03-15-editorial","status":"publish","type":"post","link":"https:\/\/www.panpagan.com\/forum_neu\/ppwp\/22-03-15-editorial\/","title":{"rendered":"22.03.15-Editorial"},"content":{"rendered":"<figure style=\"width: 396px\" class=\"wp-caption alignnone\"><a href=\"http:\/\/commons.wikimedia.org\/wiki\/File:Frigg_als_Ostara.jpg\"><img loading=\"lazy\" decoding=\"async\" class=\"\" src=\"http:\/\/upload.wikimedia.org\/wikipedia\/commons\/5\/50\/Frigg_als_Ostara.jpg\" alt=\"\" width=\"396\" height=\"368\" \/><\/a><figcaption class=\"wp-caption-text\">Frigg als Ostara; K\u00fcnstler\/Artist: W\u00e4gner, Wilhelm. 1882. (Nordisch-germanische G\u00f6tter und Helden. Otto Spamer, Leipzig &amp; Berlin. Page 124) ; Quelle: Wikimedia.org (Klick Bild)<\/figcaption><\/figure>\n<p>&nbsp;<\/p>\n<p>Hallo zusammen,<\/p>\n<p>nun ist er endlich da: Der Fr\u00fchling!<br \/>\nWir hoffen, dass Ihr ein sch\u00f6nes Ostara-Fest hattet und auch die partielle Sonnenfinsternis genie\u00dfen konntet.<br \/>\nHier in Franken hatten wir wolkenlosen Himmel und somit einen freien Blick auf das Spektakel, so man sich die Zeit nehmen und dar\u00fcber hinaus noch eine der Spezial-Brillen ergattern konnte.<br \/>\nViel sehen konnte man ohne Brille nat\u00fcrlich, aber die Ver\u00e4nderung der Lichtverh\u00e4ltnisse und das Absinken der Temperaturen waren dennoch wahrzunehmen und speziell.<br \/>\nHier hab ich noch ein paar Bilder f\u00fcr Euch, auf der Ihr die Sonnenfinsternis als kleine Spiegelbilder (auch spiegelverkehrt\u00a0 \ud83d\ude06 ) sehen k\u00f6nnt \ud83d\ude09<\/p>\n<figure id=\"attachment_756\" aria-describedby=\"caption-attachment-756\" style=\"width: 278px\" class=\"wp-caption alignleft\"><a href=\"https:\/\/www.panpagan.com\/forum_neu\/ppwp\/wp-content\/uploads\/2015\/03\/Sonnenfinsternis2015Beginn1.jpg\"><img loading=\"lazy\" decoding=\"async\" class=\" wp-image-756\" src=\"https:\/\/www.panpagan.com\/forum_neu\/ppwp\/wp-content\/uploads\/2015\/03\/Sonnenfinsternis2015Beginn1.jpg\" alt=\"Die Verfinsterung hat begonnen. Die Spiegelung k\u00f6nnt Ihr rechts oben \u00fcber der Sonne sehen, kurz vor den Zweigen. \" width=\"278\" height=\"370\" srcset=\"https:\/\/www.panpagan.com\/forum_neu\/ppwp\/wp-content\/uploads\/2015\/03\/Sonnenfinsternis2015Beginn1.jpg 675w, https:\/\/www.panpagan.com\/forum_neu\/ppwp\/wp-content\/uploads\/2015\/03\/Sonnenfinsternis2015Beginn1-225x300.jpg 225w\" sizes=\"auto, (max-width: 278px) 100vw, 278px\" \/><\/a><figcaption id=\"caption-attachment-756\" class=\"wp-caption-text\">Die Verfinsterung hat begonnen. Die Spiegelung k\u00f6nnt Ihr rechts oben \u00fcber der Sonne sehen, kurz vor den Zweigen. \u00a9Siat<\/figcaption><\/figure>\n<p>&nbsp;<\/p>\n<p>&nbsp;<\/p>\n<p>&nbsp;<\/p>\n<p>&nbsp;<\/p>\n<p>&nbsp;<\/p>\n<p>&nbsp;<\/p>\n<p>&nbsp;<\/p>\n<p>&nbsp;<\/p>\n<p>&nbsp;<\/p>\n<p>&nbsp;<\/p>\n<figure id=\"attachment_758\" aria-describedby=\"caption-attachment-758\" style=\"width: 278px\" class=\"wp-caption aligncenter\"><a href=\"https:\/\/www.panpagan.com\/forum_neu\/ppwp\/wp-content\/uploads\/2015\/03\/Sonnenfinsternis2015Hoehepunkt.jpg\"><img loading=\"lazy\" decoding=\"async\" class=\" wp-image-758\" src=\"https:\/\/www.panpagan.com\/forum_neu\/ppwp\/wp-content\/uploads\/2015\/03\/Sonnenfinsternis2015Hoehepunkt.jpg\" alt=\"Der H\u00f6hepunkt der partiellen Sonnenfinsternis.  Ein wenig lassen sich vielleicht die Stimmung und die Lichtverh\u00e4ltnisse erahnen. Das Spiegelbild der Sonnenfinsternis seht Ihr zwischen Baum und Haus. \u00a9 Siat\" width=\"278\" height=\"371\" srcset=\"https:\/\/www.panpagan.com\/forum_neu\/ppwp\/wp-content\/uploads\/2015\/03\/Sonnenfinsternis2015Hoehepunkt.jpg 675w, https:\/\/www.panpagan.com\/forum_neu\/ppwp\/wp-content\/uploads\/2015\/03\/Sonnenfinsternis2015Hoehepunkt-225x300.jpg 225w\" sizes=\"auto, (max-width: 278px) 100vw, 278px\" \/><\/a><figcaption id=\"caption-attachment-758\" class=\"wp-caption-text\">Der H\u00f6hepunkt der partiellen Sonnenfinsternis.<br \/>Ein wenig lassen sich vielleicht die Stimmung und die Lichtverh\u00e4ltnisse erahnen. Das Spiegelbild der Sonnenfinsternis seht Ihr zwischen Baum und Haus. \u00a9 Siat<\/figcaption><\/figure>\n<p>&nbsp;<\/p>\n<figure id=\"attachment_757\" aria-describedby=\"caption-attachment-757\" style=\"width: 278px\" class=\"wp-caption alignright\"><a href=\"https:\/\/www.panpagan.com\/forum_neu\/ppwp\/wp-content\/uploads\/2015\/03\/Sonnenfinsternis2015Ende1.jpg\"><img loading=\"lazy\" decoding=\"async\" class=\" wp-image-757\" src=\"https:\/\/www.panpagan.com\/forum_neu\/ppwp\/wp-content\/uploads\/2015\/03\/Sonnenfinsternis2015Ende1.jpg\" alt=\"Fast am Ende angekommen.  Das Spiegelbild seht Ihr fast in der Mitte unterhalb der Sonne in Baumn\u00e4he.\" width=\"278\" height=\"371\" srcset=\"https:\/\/www.panpagan.com\/forum_neu\/ppwp\/wp-content\/uploads\/2015\/03\/Sonnenfinsternis2015Ende1.jpg 675w, https:\/\/www.panpagan.com\/forum_neu\/ppwp\/wp-content\/uploads\/2015\/03\/Sonnenfinsternis2015Ende1-225x300.jpg 225w\" sizes=\"auto, (max-width: 278px) 100vw, 278px\" \/><\/a><figcaption id=\"caption-attachment-757\" class=\"wp-caption-text\">Fast am Ende angekommen.<br \/>Das Spiegelbild seht Ihr fast in der Mitte unterhalb der Sonne in Baumn\u00e4he. \u00a9 Siat<\/figcaption><\/figure>\n<p>&nbsp;<\/p>\n<p>&nbsp;<\/p>\n<p>&nbsp;<\/p>\n<p>&nbsp;<\/p>\n<p>&nbsp;<\/p>\n<p>&nbsp;<\/p>\n<p>&nbsp;<\/p>\n<p>&nbsp;<\/p>\n<p>&nbsp;<\/p>\n<p>&nbsp;<\/p>\n<p>&nbsp;<\/p>\n<p>Mit dem Einbruch des Fr\u00fchlings ist es auch kommendes Wochenende wieder soweit: Die Uhren werden alle wieder eine<\/p>\n<figure style=\"width: 223px\" class=\"wp-caption alignleft\"><a href=\"http:\/\/www.helles-koepfchen.de\/artikel\/2702.html\"><img loading=\"lazy\" decoding=\"async\" class=\"\" src=\"http:\/\/www.helles-koepfchen.de\/bilder\/originale\/wissen\/geschichte_kultur\/uhrzeit03.jpg\" alt=\"\" width=\"223\" height=\"161\" \/><\/a><figcaption class=\"wp-caption-text\">Quelle: helles-koepfchen.de<\/figcaption><\/figure>\n<p>Stunde vorgestellt und wir einer Stunde beraubt.<br \/>\nNutzen wir also noch die paar Tage, an denen wir normal schlafen k\u00f6nnen.\u00a0 \ud83d\ude09<\/p>\n<p>Nun zum heutigen Update:<br \/>\nHeute findet Ihr den dritten Teil von Merienptahs Artikel-Reihe &#8222;<a href=\"https:\/\/www.panpagan.com\/forum_neu\/ppwp\/?p=719\">Vom Wesen \u00e4gyptischer Tempel&#8220;<\/a>.<br \/>\nSolveig l\u00e4dt uns wieder dazu ein, an ihren Gedanken teilzuhaben, die sich nat\u00fcrlich um Ostara drehen: <a href=\"https:\/\/www.panpagan.com\/forum_neu\/ppwp\/?p=763\">Gedanken zu Ostara.<\/a><br \/>\nF\u00fcr unsere Kategorie &#8222;Im Allerheiligsten&#8220;, in der es um alles rund ums Ritual gehen soll, findet Ihr heute passend zum Fr\u00fchlings-Fest der hinduistischen Gro\u00dfen G\u00f6ttin (Fr\u00fchlings- oder Chaitra-Navratri) einen von mir vom Englischen ins Deutsche \u00fcbersetzten Hymnus, das<a href=\"https:\/\/www.panpagan.com\/forum_neu\/ppwp\/?p=739\"> Devi Mahatmyam Stotra Ashtakam<\/a>.<\/p>\n<p>Ich w\u00fcnsch Euch viel Vergn\u00fcgen beim Lesen und wie immer freuen wir uns auf Eure Kommentare, Anregungen, Kritiken und Beitr\u00e4ge \ud83d\ude09<\/p>\n<p>LG<br \/>\nSiat<\/p>\n<p>&nbsp;<\/p>\n","protected":false},"excerpt":{"rendered":"<p>&nbsp; Hallo zusammen, nun ist er endlich da: Der Fr\u00fchling! Wir hoffen, dass Ihr ein sch\u00f6nes Ostara-Fest hattet und auch die partielle Sonnenfinsternis genie\u00dfen konntet. Hier in Franken hatten wir wolkenlosen Himmel und somit einen freien Blick auf das Spektakel, so man sich die Zeit nehmen und dar\u00fcber hinaus noch eine der Spezial-Brillen ergattern konnte. &hellip; <a href=\"https:\/\/www.panpagan.com\/forum_neu\/ppwp\/22-03-15-editorial\/\" class=\"more-link\"><span class=\"screen-reader-text\">22.03.15-Editorial<\/span> weiterlesen <span class=\"meta-nav\">&rarr;<\/span><\/a><\/p>\n","protected":false},"author":7,"featured_media":761,"comment_status":"open","ping_status":"open","sticky":false,"template":"","format":"standard","meta":{"jetpack_post_was_ever_published":false,"_jetpack_newsletter_access":"","_jetpack_dont_email_post_to_subs":false,"_jetpack_newsletter_tier_id":0,"_jetpack_memberships_contains_paywalled_content":false,"_jetpack_memberships_contains_paid_content":false,"footnotes":"","jetpack_publicize_message":"","jetpack_publicize_feature_enabled":true,"jetpack_social_post_already_shared":true,"jetpack_social_options":{"image_generator_settings":{"template":"highway","default_image_id":0,"font":"","enabled":false},"version":2}},"categories":[54],"tags":[],"class_list":["post-737","post","type-post","status-publish","format-standard","has-post-thumbnail","hentry","category-editorials"],"jetpack_publicize_connections":[],"jetpack_featured_media_url":"https:\/\/www.panpagan.com\/forum_neu\/ppwp\/wp-content\/uploads\/2015\/03\/Osterbrunnen-Bieberbach-Details.jpg","jetpack_sharing_enabled":true,"jetpack_shortlink":"https:\/\/wp.me\/p55jil-bT","jetpack_likes_enabled":true,"jetpack-related-posts":[{"id":763,"url":"https:\/\/www.panpagan.com\/forum_neu\/ppwp\/gedanken-zu-ostara-von-solveig\/","url_meta":{"origin":737,"position":0},"title":"Gedanken zu Ostara von Solveig","author":"Redaktion","date":"22. M\u00e4rz 2015","format":false,"excerpt":"Heute begehen wir das Fest der Tag- und Nachtgleiche. Ein \u00c4quinoktium ist lt. Wikipedia der Moment, an dem die Sonne bei ihrer scheinbaren Jahresbewegung auf der Ekliptik den Himmels\u00e4quator \u00fcberschreitet.\u00a0 Die Schnittpunkte von Ekliptik und \u00c4quator werden Fr\u00fchlings- und Herbst- bzw. Widder- und Waagepunkt genannt. Die Tag- und Nachtgleichen sind\u2026","rel":"","context":"In &quot;Der Jahreskreis&quot;","block_context":{"text":"Der Jahreskreis","link":"https:\/\/www.panpagan.com\/forum_neu\/ppwp\/category\/tempel-und-hain\/feste-und-feiern\/der-jahreskreis\/"},"img":{"alt_text":"","src":"https:\/\/i0.wp.com\/www.panpagan.com\/forum_neu\/ppwp\/wp-content\/uploads\/2015\/03\/Eastereggs_ostereier.jpg?resize=350%2C200&ssl=1","width":350,"height":200,"srcset":"https:\/\/i0.wp.com\/www.panpagan.com\/forum_neu\/ppwp\/wp-content\/uploads\/2015\/03\/Eastereggs_ostereier.jpg?resize=350%2C200&ssl=1 1x, https:\/\/i0.wp.com\/www.panpagan.com\/forum_neu\/ppwp\/wp-content\/uploads\/2015\/03\/Eastereggs_ostereier.jpg?resize=525%2C300&ssl=1 1.5x, https:\/\/i0.wp.com\/www.panpagan.com\/forum_neu\/ppwp\/wp-content\/uploads\/2015\/03\/Eastereggs_ostereier.jpg?resize=700%2C400&ssl=1 2x, https:\/\/i0.wp.com\/www.panpagan.com\/forum_neu\/ppwp\/wp-content\/uploads\/2015\/03\/Eastereggs_ostereier.jpg?resize=1050%2C600&ssl=1 3x, https:\/\/i0.wp.com\/www.panpagan.com\/forum_neu\/ppwp\/wp-content\/uploads\/2015\/03\/Eastereggs_ostereier.jpg?resize=1400%2C800&ssl=1 4x"},"classes":[]},{"id":1154,"url":"https:\/\/www.panpagan.com\/forum_neu\/ppwp\/brighid-goettin-der-drei-feuer-von-ishtar\/","url_meta":{"origin":737,"position":1},"title":"Brighid-G\u00f6ttin der drei Feuer von Ishtar","author":"Redaktion","date":"29. Januar 2017","format":false,"excerpt":"Die keltische G\u00f6ttin Brighid geh\u00f6rt vielleicht zu den \u00e4ltesten G\u00f6ttinnen Europas, die (teilweise zwar unter christlichem Mantel) ungebrochen bis heute verehrt wurde. Viele ihrer Wurzeln greifen zur\u00fcck auf die Mythologie der Steinzeit und Eisenzeit. Sie wurde unter vielen Namen bekannt und ihre Verehrung findet sich nicht nur Irland und Nordengland,\u2026","rel":"","context":"In &quot;Der Jahreskreis&quot;","block_context":{"text":"Der Jahreskreis","link":"https:\/\/www.panpagan.com\/forum_neu\/ppwp\/category\/tempel-und-hain\/feste-und-feiern\/der-jahreskreis\/"},"img":{"alt_text":"","src":"https:\/\/i0.wp.com\/www.sternenkreis.de\/images\/naturreligionen\/brighidkreuze.jpg?resize=350%2C200","width":350,"height":200},"classes":[]},{"id":1297,"url":"https:\/\/www.panpagan.com\/forum_neu\/ppwp\/eindruecke-von-unserem-litha-ritual\/","url_meta":{"origin":737,"position":2},"title":"Eindr\u00fccke von unserem Litha-Ritual","author":"Siat","date":"10. Juli 2017","format":false,"excerpt":"Es war ein wunderbares Fest. Auch wenn die Temperaturen etwas zu w\u00fcnschen \u00fcbrig lie\u00dfen (die Schafsk\u00e4lte war noch nicht vor\u00fcber), so verbrachten wir doch ein wundervolles Wochenende und einen tollen Ritual-Tag. Aus terminlichen Gr\u00fcnden hatten wir unsere Feier auf den Sonnabend vor der eigentlichen Sonnenwende gelegt. Ich wagte dieses Mal\u2026","rel":"","context":"In &quot;Der Jahreskreis&quot;","block_context":{"text":"Der Jahreskreis","link":"https:\/\/www.panpagan.com\/forum_neu\/ppwp\/category\/tempel-und-hain\/feste-und-feiern\/der-jahreskreis\/"},"img":{"alt_text":"","src":"https:\/\/i0.wp.com\/www.panpagan.com\/forum_neu\/ppwp\/wp-content\/uploads\/2017\/07\/Litha2017_Mittag1.jpg?resize=350%2C200&ssl=1","width":350,"height":200,"srcset":"https:\/\/i0.wp.com\/www.panpagan.com\/forum_neu\/ppwp\/wp-content\/uploads\/2017\/07\/Litha2017_Mittag1.jpg?resize=350%2C200&ssl=1 1x, https:\/\/i0.wp.com\/www.panpagan.com\/forum_neu\/ppwp\/wp-content\/uploads\/2017\/07\/Litha2017_Mittag1.jpg?resize=525%2C300&ssl=1 1.5x, https:\/\/i0.wp.com\/www.panpagan.com\/forum_neu\/ppwp\/wp-content\/uploads\/2017\/07\/Litha2017_Mittag1.jpg?resize=700%2C400&ssl=1 2x"},"classes":[]},{"id":1138,"url":"https:\/\/www.panpagan.com\/forum_neu\/ppwp\/editorial-22-januar-2017\/","url_meta":{"origin":737,"position":3},"title":"Editorial-22.Januar 2017","author":"Siat","date":"22. Januar 2017","format":false,"excerpt":"Hallo zusammen, 10 Jahre PanPagan-Forum! Ist es zu glauben? F\u00fcr uns jedenfalls nicht. Als StarFire und ich am 17.01. 2007 das Forum Holter die Polter aus dem Boden stampften, haben wir gar keinen Gedanken daran verloren, wie sich unser \"Baby\" entwickeln w\u00fcrde. Die \"Sturm-und-Drang\"-Zeiten scheinen vorbei zu sein. In den\u2026","rel":"","context":"In &quot;Editorials&quot;","block_context":{"text":"Editorials","link":"https:\/\/www.panpagan.com\/forum_neu\/ppwp\/category\/editorials\/"},"img":{"alt_text":"","src":"https:\/\/i0.wp.com\/www.panpagan.com\/forum_neu\/ppwp\/wp-content\/uploads\/2017\/01\/Schneespaziergang_Jan17_9.jpg?resize=350%2C200&ssl=1","width":350,"height":200,"srcset":"https:\/\/i0.wp.com\/www.panpagan.com\/forum_neu\/ppwp\/wp-content\/uploads\/2017\/01\/Schneespaziergang_Jan17_9.jpg?resize=350%2C200&ssl=1 1x, https:\/\/i0.wp.com\/www.panpagan.com\/forum_neu\/ppwp\/wp-content\/uploads\/2017\/01\/Schneespaziergang_Jan17_9.jpg?resize=525%2C300&ssl=1 1.5x, https:\/\/i0.wp.com\/www.panpagan.com\/forum_neu\/ppwp\/wp-content\/uploads\/2017\/01\/Schneespaziergang_Jan17_9.jpg?resize=700%2C400&ssl=1 2x"},"classes":[]},{"id":1208,"url":"https:\/\/www.panpagan.com\/forum_neu\/ppwp\/vasant-panchami-sarasvati-ma-und-der-fruehlingsbeginn\/","url_meta":{"origin":737,"position":4},"title":"Vasant Panchami, Sarasvati Ma und der Fr\u00fchlingsbeginn","author":"Siat","date":"5. Februar 2017","format":false,"excerpt":"Ja, auch Indien (vor allen Dingen der Norden), und damit das Sanatana Dharma, kennt Fr\u00fchlingsfeste. Dazu geh\u00f6ren neben dem (Magha) Gupta-Navratri die Festivit\u00e4ten zu Vasant Panchmi, und einige Tage sp\u00e4ter das bunte Fest der Farben, Holi. \u00dcber Navratri, die neun Heiligen N\u00e4chte der Gro\u00dfen G\u00f6ttin, habe ich bereits eine kleine\u2026","rel":"","context":"In &quot;Der Jahreskreis&quot;","block_context":{"text":"Der Jahreskreis","link":"https:\/\/www.panpagan.com\/forum_neu\/ppwp\/category\/tempel-und-hain\/feste-und-feiern\/der-jahreskreis\/"},"img":{"alt_text":"","src":"https:\/\/i0.wp.com\/www.panpagan.com\/forum_neu\/ppwp\/wp-content\/uploads\/2017\/02\/GaneshChaturthi2014_Saraswatiji.jpg?resize=350%2C200&ssl=1","width":350,"height":200,"srcset":"https:\/\/i0.wp.com\/www.panpagan.com\/forum_neu\/ppwp\/wp-content\/uploads\/2017\/02\/GaneshChaturthi2014_Saraswatiji.jpg?resize=350%2C200&ssl=1 1x, https:\/\/i0.wp.com\/www.panpagan.com\/forum_neu\/ppwp\/wp-content\/uploads\/2017\/02\/GaneshChaturthi2014_Saraswatiji.jpg?resize=525%2C300&ssl=1 1.5x"},"classes":[]},{"id":683,"url":"https:\/\/www.panpagan.com\/forum_neu\/ppwp\/gedanken-zu-zerstoerung-und-terror-im-namen-gottes\/","url_meta":{"origin":737,"position":5},"title":"Gedanken zu Zerst\u00f6rung und Terror im Namen Gottes","author":"Siat","date":"16. M\u00e4rz 2015","format":false,"excerpt":"Was in den letzten Wochen durch die Nachrichten ging, lie\u00df mir immer wieder den Satz: \"Das hatten wir doch schon mal, nur unter anderem Banner.\"\u00a0 in den Kopf schie\u00dfen. Videos und Bilder, die Anh\u00e4nger des Islamischen Staates dabei zeigen, wie sie unwiederbringlich antike (Kult)St\u00e4tten und (Kultur)Sch\u00e4tze zerst\u00f6ren, gingen um die\u2026","rel":"","context":"In &quot;Heute&quot;","block_context":{"text":"Heute","link":"https:\/\/www.panpagan.com\/forum_neu\/ppwp\/category\/heidnische-lebens-und-denkweise\/im-spiegel-der-zeit\/heute\/"},"img":{"alt_text":"","src":"https:\/\/i0.wp.com\/cdn4.spiegel.de\/images\/image-820847-galleryV9-mekv.jpg?resize=350%2C200","width":350,"height":200},"classes":[]}],"_links":{"self":[{"href":"https:\/\/www.panpagan.com\/forum_neu\/ppwp\/wp-json\/wp\/v2\/posts\/737","targetHints":{"allow":["GET"]}}],"collection":[{"href":"https:\/\/www.panpagan.com\/forum_neu\/ppwp\/wp-json\/wp\/v2\/posts"}],"about":[{"href":"https:\/\/www.panpagan.com\/forum_neu\/ppwp\/wp-json\/wp\/v2\/types\/post"}],"author":[{"embeddable":true,"href":"https:\/\/www.panpagan.com\/forum_neu\/ppwp\/wp-json\/wp\/v2\/users\/7"}],"replies":[{"embeddable":true,"href":"https:\/\/www.panpagan.com\/forum_neu\/ppwp\/wp-json\/wp\/v2\/comments?post=737"}],"version-history":[{"count":7,"href":"https:\/\/www.panpagan.com\/forum_neu\/ppwp\/wp-json\/wp\/v2\/posts\/737\/revisions"}],"predecessor-version":[{"id":770,"href":"https:\/\/www.panpagan.com\/forum_neu\/ppwp\/wp-json\/wp\/v2\/posts\/737\/revisions\/770"}],"wp:featuredmedia":[{"embeddable":true,"href":"https:\/\/www.panpagan.com\/forum_neu\/ppwp\/wp-json\/wp\/v2\/media\/761"}],"wp:attachment":[{"href":"https:\/\/www.panpagan.com\/forum_neu\/ppwp\/wp-json\/wp\/v2\/media?parent=737"}],"wp:term":[{"taxonomy":"category","embeddable":true,"href":"https:\/\/www.panpagan.com\/forum_neu\/ppwp\/wp-json\/wp\/v2\/categories?post=737"},{"taxonomy":"post_tag","embeddable":true,"href":"https:\/\/www.panpagan.com\/forum_neu\/ppwp\/wp-json\/wp\/v2\/tags?post=737"}],"curies":[{"name":"wp","href":"https:\/\/api.w.org\/{rel}","templated":true}]}}