{"id":706,"date":"2015-03-16T01:07:21","date_gmt":"2015-03-15T23:07:21","guid":{"rendered":"http:\/\/www.panpagan.com\/forum_neu\/ppwp\/?p=706"},"modified":"2015-03-16T01:44:18","modified_gmt":"2015-03-15T23:44:18","slug":"15-03-15-editorial","status":"publish","type":"post","link":"https:\/\/www.panpagan.com\/forum_neu\/ppwp\/15-03-15-editorial\/","title":{"rendered":"15.03.15 -Editorial"},"content":{"rendered":"<figure style=\"width: 720px\" class=\"wp-caption aligncenter\"><a href=\"http:\/\/www.sternenkreis.de\/images\/news\/hypatia2015.jpg\"><img loading=\"lazy\" decoding=\"async\" class=\"\" src=\"http:\/\/www.sternenkreis.de\/images\/news\/hypatia2015.jpg\" alt=\"\" width=\"720\" height=\"288\" \/><\/a><figcaption class=\"wp-caption-text\">Quelle: sternenkreis.de<\/figcaption><\/figure>\n<p>&nbsp;<\/p>\n<p>Hallo zusammen,<\/p>\n<p>heute bereits auf der Schwelle zum n\u00e4chsten Tag, doch noch das Editorial. \ud83d\ude09<\/p>\n<p>Seit 2011 ruft der Verein Sternenkreis am 15. 03. jeden Jahres zum <a href=\"http:\/\/www.sternenkreis.de\/index.php\/jahreskreis\/ostara-fruehjahrs-equinox\/278-15-maerz-hypatia-gedenktag-fuer-die-opfer-der-heidenverfolgungen-und-hexenverbrennungen\">Hypatia-Gedenktag<\/a> auf, um den Opfern durch die Heidenverfolgungen und der Hexenverbrennungen zu gedenken.<br \/>\nDieses Jahr stand er im Zeichen der ganz aktueller Geschehnisse in Syrien und Irak.<\/p>\n<figure style=\"width: 230px\" class=\"wp-caption alignleft\"><a href=\"http:\/\/neil-gaiman.tumblr.com\/post\/113522619061\/chrisriddellblog-terry-pratchett-i-swore-i\"><img loading=\"lazy\" decoding=\"async\" class=\"\" src=\"http:\/\/40.media.tumblr.com\/39cf3effd70d5be80948a50dc7fd05a5\/tumblr_nl5aa4MgdC1srgio2o1_1280.jpg\" alt=\"\" width=\"230\" height=\"339\" \/><\/a><figcaption class=\"wp-caption-text\">Gefunden auf Facebook Quelle: Bitte auf Bild klicken.<\/figcaption><\/figure>\n<p>Eine weitere sehr traurige Mitteilung kam, als bekannt wurde, dass Terry Pratchett, der Autor der wundervollen Scheibenweltromane, in denen er so viel Magie legte und beschrieb, dass manche (mit einem Augenzwinkern) auch gut als Lehrwerk f\u00fcr Junghexen geeignet erscheinen \ud83d\ude09 , im Alter von 66 Jahren verstorben war.<br \/>\nNun hat er seinen letzte Reise angetreten und wird sicherlich erst einmal mit dem Tod bei einer Tasse Tee Schach spielen.<br \/>\nEr wird durch seine B\u00fccher nie vergessen sein.<br \/>\nRuhe in Frieden, lieber Sir.<\/p>\n<p>In unserem heutigen Update findet Ihr den zweiten Teil von Merienptahs Artikelreihe &#8222;<a href=\"https:\/\/www.panpagan.com\/forum_neu\/ppwp\/?p=669\">Vom Wesen \u00e4gyptischer Tempel<\/a>&#8222;.<br \/>\nUnd ich habe mir, ebenfalls im Zeichen des Hypatia-Gedenktages, ein paar &#8222;<a href=\"https:\/\/www.panpagan.com\/forum_neu\/ppwp\/?p=683\">Gedanken \u00fcber Zerst\u00f6rung und Terror im Namen Gottes<\/a>&#8220; gemacht.<\/p>\n<p>&nbsp;<\/p>\n<p>Wir w\u00fcnschen Euch auch diesmal viel Vergn\u00fcgen beim Lesen, den einen oder anderen interessanten Gedankenimpuls und freuen uns nat\u00fcrlich wieder auf Eure Kommentare, Gedanken oder vielleicht sogar den einen oder anderen Beitrag von Euch.<\/p>\n<p>LG<br \/>\nSiat<\/p>\n","protected":false},"excerpt":{"rendered":"<p>&nbsp; Hallo zusammen, heute bereits auf der Schwelle zum n\u00e4chsten Tag, doch noch das Editorial. \ud83d\ude09 Seit 2011 ruft der Verein Sternenkreis am 15. 03. jeden Jahres zum Hypatia-Gedenktag auf, um den Opfern durch die Heidenverfolgungen und der Hexenverbrennungen zu gedenken. Dieses Jahr stand er im Zeichen der ganz aktueller Geschehnisse in Syrien und Irak. &hellip; <a href=\"https:\/\/www.panpagan.com\/forum_neu\/ppwp\/15-03-15-editorial\/\" class=\"more-link\"><span class=\"screen-reader-text\">15.03.15 -Editorial<\/span> weiterlesen <span class=\"meta-nav\">&rarr;<\/span><\/a><\/p>\n","protected":false},"author":7,"featured_media":0,"comment_status":"open","ping_status":"open","sticky":false,"template":"","format":"standard","meta":{"jetpack_post_was_ever_published":false,"_jetpack_newsletter_access":"","_jetpack_dont_email_post_to_subs":false,"_jetpack_newsletter_tier_id":0,"_jetpack_memberships_contains_paywalled_content":false,"_jetpack_memberships_contains_paid_content":false,"footnotes":"","jetpack_publicize_message":"","jetpack_publicize_feature_enabled":true,"jetpack_social_post_already_shared":true,"jetpack_social_options":{"image_generator_settings":{"template":"highway","default_image_id":0,"font":"","enabled":false},"version":2}},"categories":[54],"tags":[],"class_list":["post-706","post","type-post","status-publish","format-standard","hentry","category-editorials"],"jetpack_publicize_connections":[],"jetpack_featured_media_url":"","jetpack_sharing_enabled":true,"jetpack_shortlink":"https:\/\/wp.me\/p55jil-bo","jetpack_likes_enabled":true,"jetpack-related-posts":[{"id":370,"url":"https:\/\/www.panpagan.com\/forum_neu\/ppwp\/19-10-14-editorial\/","url_meta":{"origin":706,"position":0},"title":"19.10.14-Editorial","author":"Redaktion","date":"19. Oktober 2014","format":false,"excerpt":"Hallo zusammen, der goldene Oktober scheint\u00a0 hier erfreulicher Weise noch ein wenig zu verweilen und l\u00e4sst dabei die Farbenpracht der B\u00e4ume leuchten. Sie erscheint mir dabei ein wenig wie das Abendrot des sich zu Ende neigenden Jahres. Beim Einkaufen fiel mir dieses Jahr das erste Mal diese komische Mischung zwischen\u2026","rel":"","context":"In &quot;Editorials&quot;","block_context":{"text":"Editorials","link":"https:\/\/www.panpagan.com\/forum_neu\/ppwp\/category\/editorials\/"},"img":{"alt_text":"Quelle: Facebook","src":"https:\/\/i0.wp.com\/www.panpagan.com\/forum_neu\/ppwp\/wp-content\/uploads\/2014\/10\/Halloween-295x300.jpg?resize=350%2C200&ssl=1","width":350,"height":200},"classes":[]},{"id":477,"url":"https:\/\/www.panpagan.com\/forum_neu\/ppwp\/editorial-09-11-2014-2\/","url_meta":{"origin":706,"position":1},"title":"Editorial &#8211; 09.11.2014","author":"Redaktion","date":"9. November 2014","format":false,"excerpt":"\u00a0 Die dunkle Jahreszeit ist angebrochen. Die Tage sind jetzt schon merklich k\u00fcrzer und auch die Temperaturen sinken in der Nacht schon auf etwas knusprigere Temperaturen. Zwar friert es noch nicht, aber vermutlich wird der erste Frost auch nicht mehr allzu lange auf sich warten lassen. Die Samhain-Feuer, so welche\u2026","rel":"","context":"In &quot;Editorials&quot;","block_context":{"text":"Editorials","link":"https:\/\/www.panpagan.com\/forum_neu\/ppwp\/category\/editorials\/"},"img":{"alt_text":"\u00a9 Siat","src":"https:\/\/i0.wp.com\/www.panpagan.com\/forum_neu\/ppwp\/wp-content\/uploads\/2014\/11\/Scheideweg-255x300.jpg?resize=350%2C200&ssl=1","width":350,"height":200},"classes":[]},{"id":737,"url":"https:\/\/www.panpagan.com\/forum_neu\/ppwp\/22-03-15-editorial\/","url_meta":{"origin":706,"position":2},"title":"22.03.15-Editorial","author":"Redaktion","date":"22. M\u00e4rz 2015","format":false,"excerpt":"\u00a0 Hallo zusammen, nun ist er endlich da: Der Fr\u00fchling! Wir hoffen, dass Ihr ein sch\u00f6nes Ostara-Fest hattet und auch die partielle Sonnenfinsternis genie\u00dfen konntet. Hier in Franken hatten wir wolkenlosen Himmel und somit einen freien Blick auf das Spektakel, so man sich die Zeit nehmen und dar\u00fcber hinaus noch\u2026","rel":"","context":"In &quot;Editorials&quot;","block_context":{"text":"Editorials","link":"https:\/\/www.panpagan.com\/forum_neu\/ppwp\/category\/editorials\/"},"img":{"alt_text":"","src":"https:\/\/i0.wp.com\/www.panpagan.com\/forum_neu\/ppwp\/wp-content\/uploads\/2015\/03\/Osterbrunnen-Bieberbach-Details.jpg?resize=350%2C200&ssl=1","width":350,"height":200,"srcset":"https:\/\/i0.wp.com\/www.panpagan.com\/forum_neu\/ppwp\/wp-content\/uploads\/2015\/03\/Osterbrunnen-Bieberbach-Details.jpg?resize=350%2C200&ssl=1 1x, https:\/\/i0.wp.com\/www.panpagan.com\/forum_neu\/ppwp\/wp-content\/uploads\/2015\/03\/Osterbrunnen-Bieberbach-Details.jpg?resize=525%2C300&ssl=1 1.5x, https:\/\/i0.wp.com\/www.panpagan.com\/forum_neu\/ppwp\/wp-content\/uploads\/2015\/03\/Osterbrunnen-Bieberbach-Details.jpg?resize=700%2C400&ssl=1 2x, https:\/\/i0.wp.com\/www.panpagan.com\/forum_neu\/ppwp\/wp-content\/uploads\/2015\/03\/Osterbrunnen-Bieberbach-Details.jpg?resize=1050%2C600&ssl=1 3x, https:\/\/i0.wp.com\/www.panpagan.com\/forum_neu\/ppwp\/wp-content\/uploads\/2015\/03\/Osterbrunnen-Bieberbach-Details.jpg?resize=1400%2C800&ssl=1 4x"},"classes":[]},{"id":546,"url":"https:\/\/www.panpagan.com\/forum_neu\/ppwp\/27-12-14-editorial\/","url_meta":{"origin":706,"position":3},"title":"27.12.14 &#8211; Editorial","author":"Redaktion","date":"28. Dezember 2014","format":false,"excerpt":"\u00a0 In der Stille angekommen In der Stille angekommen gehe ich in mich, stehe ich zu meinen St\u00e4rken und Schw\u00e4chen, liegen mir mein Leben und die Liebe am Herzen. In der Stille angekommen, sehe ich mich, dich, euch und die Welt mit anderen Augen, mit den Augen des Herzens. In\u2026","rel":"","context":"In &quot;Editorials&quot;","block_context":{"text":"Editorials","link":"https:\/\/www.panpagan.com\/forum_neu\/ppwp\/category\/editorials\/"},"img":{"alt_text":"","src":"https:\/\/i0.wp.com\/www.panpagan.com\/forum_neu\/ppwp\/wp-content\/uploads\/2014\/12\/Wintermorgen.jpg?resize=350%2C200&ssl=1","width":350,"height":200,"srcset":"https:\/\/i0.wp.com\/www.panpagan.com\/forum_neu\/ppwp\/wp-content\/uploads\/2014\/12\/Wintermorgen.jpg?resize=350%2C200&ssl=1 1x, https:\/\/i0.wp.com\/www.panpagan.com\/forum_neu\/ppwp\/wp-content\/uploads\/2014\/12\/Wintermorgen.jpg?resize=525%2C300&ssl=1 1.5x, https:\/\/i0.wp.com\/www.panpagan.com\/forum_neu\/ppwp\/wp-content\/uploads\/2014\/12\/Wintermorgen.jpg?resize=700%2C400&ssl=1 2x, https:\/\/i0.wp.com\/www.panpagan.com\/forum_neu\/ppwp\/wp-content\/uploads\/2014\/12\/Wintermorgen.jpg?resize=1050%2C600&ssl=1 3x, https:\/\/i0.wp.com\/www.panpagan.com\/forum_neu\/ppwp\/wp-content\/uploads\/2014\/12\/Wintermorgen.jpg?resize=1400%2C800&ssl=1 4x"},"classes":[]},{"id":246,"url":"https:\/\/www.panpagan.com\/forum_neu\/ppwp\/05-10-14-editorial-2\/","url_meta":{"origin":706,"position":4},"title":"05. 10. 14 &#8211; Editorial","author":"Siat","date":"5. Oktober 2014","format":false,"excerpt":"\u00a0 Hallo zusammen, der Herbst beschenkt uns momentan mit viel Sonnenschein und W\u00e4rme, zumindest ist es hier in Franken so. Die Bl\u00e4tter beginnen sich immer deutlicher zu f\u00e4rben und die Wiesen und Felder mit einem vielfarbigen Teppich zu bedecken. Auch die Vorfreude auf Samhain w\u00e4chst mit jedem Tag. Heute findet\u2026","rel":"","context":"In &quot;Editorials&quot;","block_context":{"text":"Editorials","link":"https:\/\/www.panpagan.com\/forum_neu\/ppwp\/category\/editorials\/"},"img":{"alt_text":"","src":"https:\/\/scontent-b-fra.xx.fbcdn.net\/hphotos-xfp1\/v\/t1.0-9\/10409553_10152788246839642_1462747088967171926_n.jpg?oh=2a74bb7e0ec3cfeec9e8ad5eec8d4e66&oe=54D149B6","width":350,"height":200},"classes":[]},{"id":1152,"url":"https:\/\/www.panpagan.com\/forum_neu\/ppwp\/editorial-29-januar-2017\/","url_meta":{"origin":706,"position":5},"title":"Editorial 29.Januar 2017","author":"Redaktion","date":"29. Januar 2017","format":false,"excerpt":"Hallo zusammen! Ein erfolgreiches Jahr des Feuer-Hahns, und ein gesegnetes Gupta-Navratri! Hier in Franken scheint seit einigen Tagen kr\u00e4ftig die Sonne. Die Temperaturen klettern tags\u00fcber wieder ein wenig \u00fcber die null-Grad-Grenze, doch nachts ist es noch knusprig kalt. Trotzdem ist deutlich, wie sich das Jahresrad zu Imbolc weiter dreht. Da\u2026","rel":"","context":"In &quot;Editorials&quot;","block_context":{"text":"Editorials","link":"https:\/\/www.panpagan.com\/forum_neu\/ppwp\/category\/editorials\/"},"img":{"alt_text":"","src":"https:\/\/i0.wp.com\/www.panpagan.com\/forum_neu\/ppwp\/wp-content\/uploads\/2017\/01\/100_0573.jpg?resize=350%2C200&ssl=1","width":350,"height":200,"srcset":"https:\/\/i0.wp.com\/www.panpagan.com\/forum_neu\/ppwp\/wp-content\/uploads\/2017\/01\/100_0573.jpg?resize=350%2C200&ssl=1 1x, https:\/\/i0.wp.com\/www.panpagan.com\/forum_neu\/ppwp\/wp-content\/uploads\/2017\/01\/100_0573.jpg?resize=525%2C300&ssl=1 1.5x, https:\/\/i0.wp.com\/www.panpagan.com\/forum_neu\/ppwp\/wp-content\/uploads\/2017\/01\/100_0573.jpg?resize=700%2C400&ssl=1 2x, https:\/\/i0.wp.com\/www.panpagan.com\/forum_neu\/ppwp\/wp-content\/uploads\/2017\/01\/100_0573.jpg?resize=1050%2C600&ssl=1 3x, https:\/\/i0.wp.com\/www.panpagan.com\/forum_neu\/ppwp\/wp-content\/uploads\/2017\/01\/100_0573.jpg?resize=1400%2C800&ssl=1 4x"},"classes":[]}],"_links":{"self":[{"href":"https:\/\/www.panpagan.com\/forum_neu\/ppwp\/wp-json\/wp\/v2\/posts\/706","targetHints":{"allow":["GET"]}}],"collection":[{"href":"https:\/\/www.panpagan.com\/forum_neu\/ppwp\/wp-json\/wp\/v2\/posts"}],"about":[{"href":"https:\/\/www.panpagan.com\/forum_neu\/ppwp\/wp-json\/wp\/v2\/types\/post"}],"author":[{"embeddable":true,"href":"https:\/\/www.panpagan.com\/forum_neu\/ppwp\/wp-json\/wp\/v2\/users\/7"}],"replies":[{"embeddable":true,"href":"https:\/\/www.panpagan.com\/forum_neu\/ppwp\/wp-json\/wp\/v2\/comments?post=706"}],"version-history":[{"count":4,"href":"https:\/\/www.panpagan.com\/forum_neu\/ppwp\/wp-json\/wp\/v2\/posts\/706\/revisions"}],"predecessor-version":[{"id":711,"href":"https:\/\/www.panpagan.com\/forum_neu\/ppwp\/wp-json\/wp\/v2\/posts\/706\/revisions\/711"}],"wp:attachment":[{"href":"https:\/\/www.panpagan.com\/forum_neu\/ppwp\/wp-json\/wp\/v2\/media?parent=706"}],"wp:term":[{"taxonomy":"category","embeddable":true,"href":"https:\/\/www.panpagan.com\/forum_neu\/ppwp\/wp-json\/wp\/v2\/categories?post=706"},{"taxonomy":"post_tag","embeddable":true,"href":"https:\/\/www.panpagan.com\/forum_neu\/ppwp\/wp-json\/wp\/v2\/tags?post=706"}],"curies":[{"name":"wp","href":"https:\/\/api.w.org\/{rel}","templated":true}]}}