{"id":683,"date":"2015-03-16T01:08:11","date_gmt":"2015-03-15T23:08:11","guid":{"rendered":"http:\/\/www.panpagan.com\/forum_neu\/ppwp\/?p=683"},"modified":"2015-03-16T09:44:00","modified_gmt":"2015-03-16T07:44:00","slug":"gedanken-zu-zerstoerung-und-terror-im-namen-gottes","status":"publish","type":"post","link":"https:\/\/www.panpagan.com\/forum_neu\/ppwp\/gedanken-zu-zerstoerung-und-terror-im-namen-gottes\/","title":{"rendered":"Gedanken zu Zerst\u00f6rung und Terror im Namen Gottes"},"content":{"rendered":"<p>Was in den letzten Wochen durch die Nachrichten ging, lie\u00df mir immer wieder den Satz: &#8222;Das hatten wir doch schon mal, nur unter anderem Banner.&#8220;\u00a0 in den Kopf schie\u00dfen.<\/p>\n<figure style=\"width: 298px\" class=\"wp-caption alignleft\"><a href=\"http:\/\/cdn4.spiegel.de\/images\/image-820847-galleryV9-mekv.jpg\"><img loading=\"lazy\" decoding=\"async\" class=\"\" src=\"http:\/\/cdn4.spiegel.de\/images\/image-820847-galleryV9-mekv.jpg\" alt=\"\" width=\"298\" height=\"167\" \/><\/a><figcaption class=\"wp-caption-text\">Bild: dpa Quelle: SPON (Klick auf\u00b4s Bild, um zum Artikel zu kommen)<\/figcaption><\/figure>\n<p>Videos und Bilder, die Anh\u00e4nger des Islamischen Staates dabei zeigen, wie sie unwiederbringlich antike (Kult)St\u00e4tten und (Kultur)Sch\u00e4tze zerst\u00f6ren, gingen um die Welt.<br \/>\nUnd dabei ist sicherlich nicht nur der arch\u00e4ologische und touristische Wert beklagenswert.<\/p>\n<blockquote>\n<p style=\"text-align: right; padding-left: 90px;\"><span style=\"font-size: 12pt;\">So<\/span><span style=\"font-size: 12pt;\"> spricht der HERR Zebaoth:<br \/>\nDie Mauern der gro\u00dfen Babel sollen untergraben und ihre hohen Tore mit Feuer angesteckt werden, da\u00df der Heiden Arbeit verloren sei, und da\u00df verbrannt werde, was die V\u00f6lker mit M\u00fche erbaut haben.<br \/>\n<span style=\"font-size: 8pt;\">-Jeremia 51, 58<\/span><\/span><\/p>\n<\/blockquote>\n<p style=\"text-align: left;\">Nimrod, Ninive, Al-Hadra. Dazu zahlreiche Artefakte in einem Museum in Mossul.<br \/>\nDie (m.E. berechtigte) Sorge geht um, dass auch Babylon zu einem Opfer der IS werden k\u00f6nnte, wie wohl auch zahlreiche weitere St\u00e4tten, die bisher (noch) verschont geblieben sind.<br \/>\nEin &#8222;Kultur-Vandalismus&#8220;, wie ihn die Medien nennen, mit dem sich die Islamisten in guter Gesellschaft mit ihren abrahamitischen Br\u00fcdern befinden.<\/p>\n<p>Die Intention dahinter ist der christlicher Missionare und Kreuzfahrer fr\u00fcherer und auch neuerer Zeit, oder gar den j\u00fcdischen Eroberungsz\u00fcgen im Namen Gottes, nicht un\u00e4hnlich:<\/p>\n<figure style=\"width: 322px\" class=\"wp-caption alignright\"><a href=\"http:\/\/en.wikipedia.org\/wiki\/Protestantism_and_Islam\"><img loading=\"lazy\" decoding=\"async\" class=\"\" src=\"http:\/\/upload.wikimedia.org\/wikipedia\/commons\/c\/ca\/Muhammad_destroying_idols_-_L%27Histoire_Merveilleuse_en_Vers_de_Mahomet_BNF.jpg\" alt=\"\" width=\"322\" height=\"262\" \/><\/a><figcaption class=\"wp-caption-text\">Mohammad bei der Zerst\u00f6rung der G\u00f6tterbildnisse der Kaaba; L&#8217;Histoire Merveilleuse en Vers de Mahomet, 11. Jhd.; Quelle: wikimedia. org<\/figcaption><\/figure>\n<p style=\"text-align: left;\">Die Vernichtung von G\u00f6tzen, von Zeugnissen (in diesem Fall) vor-islamischer Kultur und Religion, die als &#8222;falsch&#8220; betrachtet und, &#8222;freundlich&#8220; ausgedr\u00fcckt, f\u00fcr Irrlehren gehalten werden.<br \/>\nSchlie\u00dflich gibt es &#8222;keinen Gott, au\u00dfer Allah&#8220;!<br \/>\nDoch dieser Name ist austauschbar.<\/p>\n<p>Mich ber\u00fchren diese Bilder, Berichte und Geschehnisse auf eine recht eigent\u00fcmliche Weise.<br \/>\nVielleicht, weil sie mir eine Ahnung davon verschaffen, wie das &#8222;j\u00fcdische Volk&#8220; und sp\u00e4ter auch christliche Kreuzfahrer und Missionare gew\u00fctet haben (k\u00f6nnten).<\/p>\n<figure style=\"width: 327px\" class=\"wp-caption aligncenter\"><a href=\"http:\/\/commons.wikimedia.org\/wiki\/File:Gideon_and_His_Men_Destroying_the_Altar_of_Baal_LACMA_M.88.91.429b.jpg?uselang=de\"><img loading=\"lazy\" decoding=\"async\" class=\"\" src=\"http:\/\/collections.lacma.org\/sites\/default\/files\/remote_images\/piction\/ma-3676659-O3.jpg\" alt=\"\" width=\"327\" height=\"268\" \/><\/a><figcaption class=\"wp-caption-text\">Gideon zerst\u00f6rt mit seiner Armee den Altar und das Abbild des Gottes Baal; K\u00fcnstler\/Artist: Maerten van Heemskerck; Quelle: <a href=\"http:\/\/commons.wikimedia.org\/wiki\/File:Gideon_and_His_Men_Destroying_the_Altar_of_Baal_LACMA_M.88.91.429b.jpg?uselang=de\">wikimedia.org<\/a><\/figcaption><\/figure>\n<p style=\"text-align: left;\">Die zahlreichen Gebote und Aufrufe des abrahamitischen Gottes zu Zerst\u00f6rung von &#8222;G\u00f6tzen&#8220;, dem &#8222;Niederbrennen heiliger Haine&#8220; usw. sind vielf\u00e4ltig, und beschr\u00e4nken sich, wenn man sich die Bibel betrachtet, nicht nur auf das Buch Jeremias.<br \/>\nAuch in den B\u00fcchern Moses\u00b4 finden wir \u00e4hnliches H\u00e4ppchen, wie z.B. dieses:<\/p>\n<blockquote>\n<p style=\"padding-left: 30px; text-align: left;\"><span style=\"font-size: 12pt;\"><span style=\"font-size: 10pt;\">Und der HERR redete mit Mose in dem Gefilde der Moabiter an dem Jordan gegen\u00fcber Jericho und sprach: Rede mit den Kindern Israel und sprich zu ihnen: Wenn ihr \u00fcber den Jordan gegangen seid in das Land Kanaan, so sollt ihr alle Einwohner vertreiben vor eurem Angesicht und alle ihre S\u00e4ulen und alle ihre gegossenen Bilder zerst\u00f6ren und alle ihre H\u00f6hen vertilgen, da\u00df ihr also das Land einnehmet und darin wohnet;<br \/>\n<span style=\"font-size: 8pt;\">&#8211; 4. Moses 33, 50-53<\/span><\/span><br \/>\n<\/span><\/p>\n<\/blockquote>\n<p>Und in den Chroniken wird z.B. \u00fcber K\u00f6nig Josiah, einem Sohn Davids, berichtet:<\/p>\n<blockquote>\n<p style=\"padding-left: 30px; text-align: left;\"><span style=\"font-size: 12pt;\"><span style=\"font-size: 10pt;\">Denn im achten Jahr seines K\u00f6nigreichs, da er noch jung war, fing er an zu suchen den Gott seines Vaters David, und im zw\u00f6lften Jahr fing er an zu reinigen Juda und Jerusalem von den H\u00f6hen und Ascherabildern und G\u00f6tzen und gegossenen Bildern und lie\u00df vor sich abbrechen die Alt\u00e4re der Baalim, und die Sonnens\u00e4ulen obendrauf hieb er ab, und die Ascherabilder und G\u00f6tzen und gegossenen Bilder zerbrach er und machte sie zu Staub und streute sie auf die Gr\u00e4ber derer, die ihnen geopfert hatten, und verbrannte die Gebeine der Priester auf ihren Alt\u00e4ren und reinigte also Juda und Jerusalem, dazu in den St\u00e4dten Manasses, Ephraims, Simeons und bis an Naphthali in ihren W\u00fcsten umher. Und da er die Alt\u00e4re und Ascherabilder abgebrochen und die G\u00f6tzen klein zermalmt und alle Sonnens\u00e4ulen abgehauen hatte im ganzen Lande Israel, kam er wieder gen Jerusalem.<\/span><br \/>\n<span style=\"font-size: 8pt;\">&#8211; 2. Chronik 34, 3-5 <\/span><br \/>\n<\/span><\/p>\n<\/blockquote>\n<figure style=\"width: 285px\" class=\"wp-caption alignright\"><a href=\"http:\/\/en.wikipedia.org\/wiki\/File:Extern-Relief-P1050037.jpg\"><img loading=\"lazy\" decoding=\"async\" class=\"\" src=\"http:\/\/upload.wikimedia.org\/wikipedia\/commons\/9\/9e\/Extern-Relief-P1050037.jpg\" alt=\"\" width=\"285\" height=\"214\" \/><\/a><figcaption class=\"wp-caption-text\">Christlicher &#8222;Vandalismus&#8220; an den Externsteinen, Teuteburger Wald, Deutschland; Quelle: wikimedia.org<\/figcaption><\/figure>\n<p style=\"text-align: left;\">Dieses sind nur ein paar ausgew\u00e4hlte Beispiele.<br \/>\nDie &#8222;Br\u00fcderlichkeit im Geiste&#8220; von Judentum, Christentum und Islam l\u00e4sst sich auch in dieser Hinsicht deutlich erkennen.<br \/>\nUnd blicken wir uns weiter in der Geschichte um, besch\u00e4ftigen uns mit der Eroberung der &#8222;Neuen Welt&#8220; (und die gewaltsame Missionierung ihrer Ureinwohner) oder setzen uns auch mit der zum Teil gewaltsame Ausbreitung des Christentums auch in unseren Breiten auseinander, sind die Parallelen doch ziemlich ern\u00fcchternd und ja, auch ein wenig beunruhigend.<\/p>\n<figure style=\"width: 254px\" class=\"wp-caption alignleft\"><a href=\"http:\/\/en.wikipedia.org\/wiki\/Irminsul#\/media\/File:Zerst%C3%B6rung_der_Irminsaule_durch_Karl_den_Gro%C3%9Fen_by_Heinrich_Leutemann.jpg\"><img loading=\"lazy\" decoding=\"async\" class=\"\" src=\"http:\/\/upload.wikimedia.org\/wikipedia\/commons\/0\/0b\/Zerst%C3%B6rung_der_Irminsaule_durch_Karl_den_Gro%C3%9Fen_by_Heinrich_Leutemann.jpg\" alt=\"\" width=\"254\" height=\"392\" \/><\/a><figcaption class=\"wp-caption-text\">Zerst\u00f6rung der Irminsul durch Karl den Gro\u00dfen; K\u00fcnstler: Heinrich Leutemann; Quelle: Wikimedia.org<\/figcaption><\/figure>\n<p style=\"text-align: left;\"><em><span style=\"text-decoration: underline;\"><strong>Und willst Du nicht mein Bruder sein, so schlag ich Dir die Fresse ein<\/strong><\/span><\/em><\/p>\n<p style=\"text-align: left;\">So uncharmant dieses Sprichwort auch ist, so wahr ist es leider auch hinsichtlich abrahamitischer (und ja, z.T. auch (neu)heidnischer) Religionen.<br \/>\nDer Kampf um den &#8222;wahren Glauben&#8220;, die &#8222;wahre Religion&#8220;, und ja, auch um Gl\u00e4ubige (um deren &#8222;Seelenheil&#8220;\/&#8220;Wohl&#8220; man sich bem\u00fcht glaubt) ist vielleicht so alt wie der Monotheismus, bzw. die abrahamitischen Religionen.<br \/>\nDabei schrecken die (fundamentalistischen) Anh\u00e4nger, obwohl sie Br\u00fcder im Geiste sind, nat\u00fcrlich auch nicht davor zur\u00fcck, dem anderen &#8222;die Wahrheit (TM)&#8220; abzusprechen, und sie f\u00fcr sich zu beanspruchen.<br \/>\nJuden gegen Christen und Moslems. Moslems gegen Christen und Juden. Christen gegen Juden und Moslems. Und nat\u00fcrlich geht es auch munter untereinander weiter. Christen sprechen Christen den &#8222;wahren Glauben&#8220; ab, sowie es Juden und Moslems ebenfalls untereinander tun.<\/p>\n<p>Ein irrsinniges Rad, was sich immer weiter und weiter dreht und dabei nat\u00fcrlich auch noch alles mit zu rei\u00dfen sucht, was nicht abrahamitisch ist, und undifferenziert als &#8222;Heiden&#8220; oder &#8222;Ungl\u00e4ubige&#8220; betitelt wird.<br \/>\nEs ist ein (religi\u00f6ser) Wahnsinn, dessen Wurzeln m.E. im Anspruch liegen, DIE Wahrheit (TM) f\u00fcr alle V\u00f6lker der Welt zu sein, die diese bedingungslos und ohne zu hinterfragen zu akzeptieren h\u00e4tten. Wenn nicht&#8230; Dann warten wahlweise Schwert oder Steine auf einen.<br \/>\nEs mutet dann doch etwas zynisch an, wenn die Anh\u00e4nger dann von einer &#8222;Religion des Friedens&#8220; und von einem &#8222;liebenden Gott&#8220; sprechen.<\/p>\n<p style=\"text-align: left;\">Die Zerst\u00f6rung von (Kult)St\u00e4tten, Schriften, Statuen usw. stellt m.E.\u00a0 den Versuch dar, die entsprechenden G\u00f6tter, ihre Kulte und die Religion aus dem Ged\u00e4chtnis der Menschen zu tilgen.<br \/>\nWobei es mir scheint, dass es nicht nur ausschlie\u00dflich um das &#8222;Aus dem Ged\u00e4chtnis tilgen&#8220; zu gehen scheint, sondern auch um das Ausl\u00f6schen entsprechender Identit\u00e4t, die sich im Kult, aber auch in der Kunst und nat\u00fcrlich der Schrift wiederspiegelt.<\/p>\n<p style=\"text-align: left;\">Gewalt, in welcher Form auch immer, ist tief verwurzelt in den abrahamitischen Religionen und ihren Heiligen Schriften.<br \/>\nDa braucht man sich nur die Zeit zu nehmen, und sich die B\u00fccher mal komplett durchzulesen und nicht in einer selektiven Weise, wie es von allen Vertretern heute gern gemacht wird. Fundamentalisten, Anh\u00e4nger, die bereit sind wirklich ALLES f\u00fcr ihren Glauben und ihre Religion zu tun, gibt es bei allen drei.<br \/>\nUnd wer sich wachen Auges umsieht, der wird recht schnell bez\u00fcglich christlicher (und j\u00fcdischer) Extremisten f\u00fcndig, die z.B. von Amerika aus versuchen, hier in Deutschland und anderen L\u00e4ndern der EU Fu\u00df zu fassen und Anh\u00e4ngerschaft zu rekrutieren.<br \/>\nEin sehr eindrucksvolles Beispiel daf\u00fcr ist &#8222;The Call&#8220;.<\/p>\n<p><iframe loading=\"lazy\" src=\"\/\/www.youtube.com\/embed\/AV8O3quYN_4\" width=\"355\" height=\"355\"><\/iframe><\/p>\n<p>Ich habe immer wieder den Eindruck, dass der &#8222;Frieden der Religionen&#8220;,\u00a0 den wir hier in Europa und dem Westen haben, ein recht zerbrechlicher ist.<br \/>\nUns hier in DE hilft mit sicherlich auch, dass wir im Grundgesetz die Religionsfreiheit fest verankert haben, auch wenn grade &#8222;wir&#8220; Heiden da heute noch immer mal wieder unsere Problemchen in der Gesellschaft wahrnehmen.<br \/>\nWas sicherlich nicht hilfreich ist, so meine ich, ist der uns\u00e4gliche Gottesl\u00e4sterungsparagraph, weil er vor allen Dingen einseitig zu Gunsten des Christentums ausgelegt und angewendet wird, und andere Glaubenswege davon ausgenommen scheinen.<br \/>\nW\u00fcrde es etwas \u00e4ndern, wenn er f\u00fcr alle gelten w\u00fcrde?<br \/>\nHm, ich kann es nat\u00fcrlich nicht sagen, doch ich denke, es w\u00fcrde zumindest dazu f\u00fchren, dass sich ein Weg nicht gegen\u00fcber eines anderen benachteiligt f\u00fchlen w\u00fcrde.<br \/>\n<em>&#8222;Gleiches Recht f\u00fcr alle!&#8220;<\/em>, wie es so sch\u00f6n hei\u00dft.<br \/>\nDie andere M\u00f6glichkeit w\u00e4re, ihn komplett abzuschaffen, was mir angesichts des Themas &#8222;Meinungsfreiheit&#8220; eigentlich als die sinnvollste L\u00f6sung erscheint. Doch ich bin etwas ab vom Thema.<\/p>\n<p>Wenn ich mir die Bilder in den Medien betrachte, dann habe ich den Eindruck durch ein Fenster zur\u00fcck in der Zeit zu blicken.<br \/>\nAuch wenn viele Christen und Juden davor zur\u00fcck schrecken, so ist es einfach eine Tatsache, dass sie ganz genau denselben Schrecken, genau dieselbe Zerst\u00f6rung, denselben Terror und dasselbe Leid in die Welt gebracht haben, wie heute ihre islamistischen Br\u00fcder.<br \/>\nSie unterscheiden sich nur darin, dass die Mittel damals etwas andere waren als heute.<br \/>\nDoch egal, wie sie ausgetragen werden und wurden.<br \/>\n&#8222;Dreckig&#8220; war und ist jeder dieser Eroberungsz\u00fcge, auch wenn sie im Namen Gottes gef\u00fchrt werden.<br \/>\nIch f\u00fchle mich ein wenig zur\u00fcck gesetzt in die Zeit, in der erst Juden und dann Christen Andersgl\u00e4ubige verteufelten, ihre Heiligt\u00fcmer und Bildnisse zerst\u00f6rten und entweihten, die Priesterschaft und Anh\u00e4nger der entsprechenden Pfade ermordeten, Frauen vergewaltigten und stahlen, was sie nur tragen konnten.<\/p>\n<p>Heute ist eine andere Zeit. Wir haben eine Welt, die einwenig wie ein Puzzel zusammen gesetzt wird.<br \/>\nWir haben hier im &#8222;Westen&#8220; das unglaubliche Gl\u00fcck, dass wir die Aufkl\u00e4rung hatten und sich wahnsinnig viel in den Kirchen entwickelte.<br \/>\nWir d\u00fcrfen auch bei all dem Schrecken und Terror ebenso nicht vergessen, dass nicht alle Moslems den Islamisten der IS identisch sind, ebenso wenig, wie jeder Christ ein evangelikaler Fundamentalist ist, der dazu bereit ist als Kreuzfahrer die &#8222;barbarischen Moslems&#8220; niederzumetzeln.<\/p>\n<p>Ich selber habe in diesem Artikel nat\u00fcrlich auch stark vereinfach von &#8222;den&#8220; Moslems, Juden und Christen geschrieben.<br \/>\nSo einfach stellt sich das aber im Licht der Realit\u00e4t\u00a0 betrachtet nat\u00fcrlich nicht.<br \/>\nAuch Christentum, Judentum und Islam bestehen alle aus unz\u00e4hligen Str\u00f6mungen und \u00fcberall gibt es sowohl gem\u00e4\u00dfigte wie auch radikale Ansichten und Ausrichtungen.<\/p>\n<p>Gefahr geht m.E. von jeglicher Art von Fundamentalismus und Radikalismus aus, und es ist unsere Aufgabe, egal welchen Pfad wir gehen, diesbez\u00fcglich achtsam zu sein und diesen entgegen zu treten.<\/p>\n<p>&nbsp;<\/p>\n<figure style=\"width: 492px\" class=\"wp-caption alignnone\"><a href=\"http:\/\/www.kritisches-netzwerk.de\/sites\/default\/files\/u17\/COEXIST_World_Peace_Unity_in_Diversity_Koexistenz_coexistence_Weltfrieden_Muslims_Christians_Mohammed_cartoons_drawings_Charlie_Hebdo_Islam_Islamophobie_Blasphemie_blasphemy.jpg\"><img loading=\"lazy\" decoding=\"async\" class=\"\" src=\"http:\/\/www.kritisches-netzwerk.de\/sites\/default\/files\/u17\/COEXIST_World_Peace_Unity_in_Diversity_Koexistenz_coexistence_Weltfrieden_Muslims_Christians_Mohammed_cartoons_drawings_Charlie_Hebdo_Islam_Islamophobie_Blasphemie_blasphemy.jpg\" alt=\"\" width=\"492\" height=\"277\" \/><\/a><figcaption class=\"wp-caption-text\">Quelle: <a href=\"http:\/\/www.kritisches-netzwerk.de\/sites\/default\/files\/u17\/COEXIST_World_Peace_Unity_in_Diversity_Koexistenz_coexistence_Weltfrieden_Muslims_Christians_Mohammed_cartoons_drawings_Charlie_Hebdo_Islam_Islamophobie_Blasphemie_blasphemy.jpg\">Kritisches Netzwerk.de<\/a><\/figcaption><\/figure>\n<p>&nbsp;<\/p>\n<p>Siat<\/p>\n<p>&nbsp;<\/p>\n<p>&nbsp;<\/p>\n<hr \/>\n<p>&nbsp;<\/p>\n<p><em><strong>Quellen und weiterf\u00fchrende Links:<\/strong><\/em><br \/>\n<a href=\"http:\/\/www.badnewsaboutchristianity.com\/gi0_vandalism.htm\">Bad news about Christianity-Cultural Vandalism<br \/>\n<\/a><a href=\"http:\/\/www.wsws.org\/de\/articles\/2015\/03\/10\/nimr-m10.html\">Spiegel Online.de<br \/>\nWorld Socialist Website-IS zerst\u00f6rt antike St\u00e4tten bei Mossul<br \/>\n<\/a><a href=\"www.fr-online.de\">Frankfurter Rundschau (Online)<br \/>\n<\/a><a href=\"www.zeit.de\/\">Zeit Online<br \/>\n<\/a><a href=\"http:\/\/www.bibel-online.net\/\">Bibel Online<\/a><\/p>\n<p>&nbsp;<\/p>\n<p><em><strong>Videos<\/strong><\/em> (Beispiele, die zur weiteren Recherche anregen m\u00f6gen)<\/p>\n<p><iframe loading=\"lazy\" src=\"\/\/www.youtube.com\/embed\/QUiJ1W7M0JA\" width=\"243\" height=\"243\"><\/iframe><\/p>\n<p><iframe loading=\"lazy\" src=\"\/\/www.youtube.com\/embed\/Sn6cvqu9YVQ\" width=\"244\" height=\"244\"><\/iframe><\/p>\n<p><iframe loading=\"lazy\" src=\"\/\/www.youtube.com\/embed\/uueddRLZ_Bg\" width=\"244\" height=\"244\"><\/iframe><\/p>\n<p><iframe loading=\"lazy\" src=\"\/\/www.youtube.com\/embed\/61tOU5CqSb8\" width=\"244\" height=\"244\"><\/iframe><\/p>\n<p><iframe loading=\"lazy\" src=\"\/\/www.youtube.com\/embed\/ztM3fi9JAmM\" width=\"244\" height=\"244\"><\/iframe><\/p>\n<p><iframe loading=\"lazy\" src=\"\/\/www.youtube.com\/embed\/t-SB98bDkOY\" width=\"244\" height=\"244\"><\/iframe><\/p>\n<p><iframe loading=\"lazy\" src=\"\/\/www.youtube.com\/embed\/rGjhiaNwXp8\" width=\"244\" height=\"244\"><\/iframe><\/p>\n","protected":false},"excerpt":{"rendered":"<p>Was in den letzten Wochen durch die Nachrichten ging, lie\u00df mir immer wieder den Satz: &#8222;Das hatten wir doch schon mal, nur unter anderem Banner.&#8220;\u00a0 in den Kopf schie\u00dfen. Videos und Bilder, die Anh\u00e4nger des Islamischen Staates dabei zeigen, wie sie unwiederbringlich antike (Kult)St\u00e4tten und (Kultur)Sch\u00e4tze zerst\u00f6ren, gingen um die Welt. Und dabei ist sicherlich &hellip; <a href=\"https:\/\/www.panpagan.com\/forum_neu\/ppwp\/gedanken-zu-zerstoerung-und-terror-im-namen-gottes\/\" class=\"more-link\"><span class=\"screen-reader-text\">Gedanken zu Zerst\u00f6rung und Terror im Namen Gottes<\/span> weiterlesen <span class=\"meta-nav\">&rarr;<\/span><\/a><\/p>\n","protected":false},"author":2,"featured_media":0,"comment_status":"open","ping_status":"open","sticky":false,"template":"","format":"standard","meta":{"jetpack_post_was_ever_published":false,"_jetpack_newsletter_access":"","_jetpack_dont_email_post_to_subs":false,"_jetpack_newsletter_tier_id":0,"_jetpack_memberships_contains_paywalled_content":false,"_jetpack_memberships_contains_paid_content":false,"footnotes":"","jetpack_publicize_message":"","jetpack_publicize_feature_enabled":true,"jetpack_social_post_already_shared":true,"jetpack_social_options":{"image_generator_settings":{"template":"highway","default_image_id":0,"font":"","enabled":false},"version":2}},"categories":[102],"tags":[234,225,224,235,236,226,238,237,223,231,232,233,230,227,228,229,239],"class_list":["post-683","post","type-post","status-publish","format-standard","hentry","category-heute","tag-archaeologie","tag-assur","tag-assyrien","tag-assyrologie","tag-babel","tag-babylon","tag-fundamentalismus","tag-irak","tag-is","tag-islamischer-staat","tag-kreuzzuege","tag-missionare","tag-mossul","tag-nimrod","tag-nimrud","tag-ninive","tag-terrorismus"],"jetpack_publicize_connections":[],"jetpack_featured_media_url":"","jetpack_sharing_enabled":true,"jetpack_shortlink":"https:\/\/wp.me\/p55jil-b1","jetpack_likes_enabled":true,"jetpack-related-posts":[{"id":1160,"url":"https:\/\/www.panpagan.com\/forum_neu\/ppwp\/neuheidentum-und-rechtsextremismus-von-siat\/","url_meta":{"origin":683,"position":0},"title":"(Neu)Heidentum und Rechtsextremismus von Siat","author":"Siat","date":"29. Januar 2017","format":false,"excerpt":"Hallo zusammen, heute m\u00f6chte ich aus aktuellem Anlass ein paar Gedanken zum Thema (Neu)Heidentum und Rechtsextremismus teilen. Wer bisher nicht mitkommen haben sollte, was der letzten Tage so los gewesen ist, der m\u00f6ge sich den Artikel der Nornirs \u00c6tt \u201eNazi-Druide\u201c \u201eBurgos\u201c alias \u201eHasspredix\u201c und die \u201eHeidenszene\u201c , sowie die Nachrichten\u2026","rel":"","context":"In &quot;Allgemein&quot;","block_context":{"text":"Allgemein","link":"https:\/\/www.panpagan.com\/forum_neu\/ppwp\/category\/allgemein\/"},"img":{"alt_text":"","src":"","width":0,"height":0},"classes":[]},{"id":779,"url":"https:\/\/www.panpagan.com\/forum_neu\/ppwp\/pflanzensteckbrief-sanddorn-von-siat\/","url_meta":{"origin":683,"position":1},"title":"Pflanzensteckbrief: Sanddorn","author":"Siat","date":"29. M\u00e4rz 2015","format":false,"excerpt":"Deutscher Name: Sanddorn Synonyme: Audorn, Fasanenbeere, Rote Schlehe, Haffdorn, D\u00fcnendorn, Sandbeere, Griesbeere Englischer Name: Sea Buckthorn Synonyme: Sallow Thorn, Willow-thorn, Wirwivvle, Wyrvivle Botanischer Name: Hippophae rhamnoides Familie: \u00d6lweidengew\u00e4chse (Elaeagnaceae) Etymologie: \u201eHippophae\u201c leitet sich vom Lateinischen \u201ehipp\u00f3phaes\u201c ab Plinius beschreibt es als eine \"Wolfsmilch-Art mit starken Dornen\u201c, und hat seine Wurzeln\u00a0\u2026","rel":"","context":"In &quot;Erdwissen&quot;","block_context":{"text":"Erdwissen","link":"https:\/\/www.panpagan.com\/forum_neu\/ppwp\/category\/erdwissen\/"},"img":{"alt_text":"","src":"https:\/\/i0.wp.com\/www.panpagan.com\/forum_neu\/ppwp\/wp-content\/uploads\/2015\/03\/Sanddorn_Zweig.jpg?resize=350%2C200&ssl=1","width":350,"height":200,"srcset":"https:\/\/i0.wp.com\/www.panpagan.com\/forum_neu\/ppwp\/wp-content\/uploads\/2015\/03\/Sanddorn_Zweig.jpg?resize=350%2C200&ssl=1 1x, https:\/\/i0.wp.com\/www.panpagan.com\/forum_neu\/ppwp\/wp-content\/uploads\/2015\/03\/Sanddorn_Zweig.jpg?resize=525%2C300&ssl=1 1.5x, https:\/\/i0.wp.com\/www.panpagan.com\/forum_neu\/ppwp\/wp-content\/uploads\/2015\/03\/Sanddorn_Zweig.jpg?resize=700%2C400&ssl=1 2x, https:\/\/i0.wp.com\/www.panpagan.com\/forum_neu\/ppwp\/wp-content\/uploads\/2015\/03\/Sanddorn_Zweig.jpg?resize=1050%2C600&ssl=1 3x, https:\/\/i0.wp.com\/www.panpagan.com\/forum_neu\/ppwp\/wp-content\/uploads\/2015\/03\/Sanddorn_Zweig.jpg?resize=1400%2C800&ssl=1 4x"},"classes":[]},{"id":1161,"url":"https:\/\/www.panpagan.com\/forum_neu\/ppwp\/nazi-druide-burgos-alias-hasspredix-und-die-heidenszene-von-martin-m-nornirs-aett\/","url_meta":{"origin":683,"position":2},"title":"\u201eNazi-Druide\u201c \u201eBurgos\u201c alias \u201eHasspredix\u201c und die \u201eHeidenszene\u201c  von Martin M. (Nornirs \u00c6tt)","author":"Redaktion","date":"29. Januar 2017","format":false,"excerpt":"Der \u201eDruide\u201c und \u201eReichsb\u00fcrger\u201c Burghard B., der sich selbst \u201eBurgos von Buchonia I.\u201c nennt, wirkt in seinem offensichtlich von \u201eAsterix\u201c und Fantasy-Filmen inspirierten \u201eauthentisch keltischen\u201c Druiden-Ornat auf den ersten Blick eher komisch als gef\u00e4hrlich. Selbst dass er sich wie ein Saruman-Imitator auff\u00fchrt und die zu dieser Rolle passenden Machtphantasien zeigt,\u2026","rel":"","context":"In &quot;Allgemein&quot;","block_context":{"text":"Allgemein","link":"https:\/\/www.panpagan.com\/forum_neu\/ppwp\/category\/allgemein\/"},"img":{"alt_text":"","src":"","width":0,"height":0},"classes":[]},{"id":653,"url":"https:\/\/www.panpagan.com\/forum_neu\/ppwp\/vom-wesen-aegyptischer-tempel-teil-1-vom-merienptah\/","url_meta":{"origin":683,"position":3},"title":"Vom Wesen \u00e4gyptischer Tempel (Teil 1) von Merienptah","author":"Redaktion","date":"8. M\u00e4rz 2015","format":false,"excerpt":"Da die kemetischen Tempel, wie schon so oft erw\u00e4hnt, den Menschen verschlossen bleiben und niemand einen Blick in das Innere werfen darf, m\u00f6chte ich heute mal einen kleinen Einblick in diese heiligen St\u00e4tten gew\u00e4hren um zu erkl\u00e4ren was einen kemetischen Tempel ausmacht, wie er aufgebaut ist, was seine Funktion ist\u2026","rel":"","context":"In &quot;Am Ufer des Nils&quot;","block_context":{"text":"Am Ufer des Nils","link":"https:\/\/www.panpagan.com\/forum_neu\/ppwp\/category\/heidnisches-multiversum\/am-ufer-des-nils\/"},"img":{"alt_text":"","src":"https:\/\/i0.wp.com\/www.panpagan.com\/forum_neu\/ppwp\/wp-content\/uploads\/2015\/03\/Temple_at_Phile_cropped_and_rotated.jpg?resize=350%2C200&ssl=1","width":350,"height":200,"srcset":"https:\/\/i0.wp.com\/www.panpagan.com\/forum_neu\/ppwp\/wp-content\/uploads\/2015\/03\/Temple_at_Phile_cropped_and_rotated.jpg?resize=350%2C200&ssl=1 1x, https:\/\/i0.wp.com\/www.panpagan.com\/forum_neu\/ppwp\/wp-content\/uploads\/2015\/03\/Temple_at_Phile_cropped_and_rotated.jpg?resize=525%2C300&ssl=1 1.5x, https:\/\/i0.wp.com\/www.panpagan.com\/forum_neu\/ppwp\/wp-content\/uploads\/2015\/03\/Temple_at_Phile_cropped_and_rotated.jpg?resize=700%2C400&ssl=1 2x, https:\/\/i0.wp.com\/www.panpagan.com\/forum_neu\/ppwp\/wp-content\/uploads\/2015\/03\/Temple_at_Phile_cropped_and_rotated.jpg?resize=1050%2C600&ssl=1 3x, https:\/\/i0.wp.com\/www.panpagan.com\/forum_neu\/ppwp\/wp-content\/uploads\/2015\/03\/Temple_at_Phile_cropped_and_rotated.jpg?resize=1400%2C800&ssl=1 4x"},"classes":[]},{"id":739,"url":"https:\/\/www.panpagan.com\/forum_neu\/ppwp\/devi-mahatmya-stotra-ashtakam\/","url_meta":{"origin":683,"position":4},"title":"Devi Mahatmya Stotra Ashtakam","author":"Siat","date":"22. M\u00e4rz 2015","format":false,"excerpt":"Das Devi Mahatmya geh\u00f6rt neben der Shrimad Devi Bhagavatam Purana zu den wichtigsten Schriften der Shaktas, den VerehrerInnen der G\u00f6ttin im Sanatana Dharma. Das Devi Mahatmyam besteht aus 13 \"Ges\u00e4ngen\"\/Hymnen, die einen Teil der Markandeya-Purana bilden, einer Schrift die (wie im Grunde alle Puranas) in Dialogform geschrieben wurde. Die Hymnen\u2026","rel":"","context":"In &quot;Im Allerheiligsten&quot;","block_context":{"text":"Im Allerheiligsten","link":"https:\/\/www.panpagan.com\/forum_neu\/ppwp\/category\/tempel-und-hain\/im-allerheiligsten\/"},"img":{"alt_text":"","src":"https:\/\/i0.wp.com\/www.panpagan.com\/forum_neu\/ppwp\/wp-content\/uploads\/2014\/10\/DurgaMa19.jpg?resize=350%2C200&ssl=1","width":350,"height":200,"srcset":"https:\/\/i0.wp.com\/www.panpagan.com\/forum_neu\/ppwp\/wp-content\/uploads\/2014\/10\/DurgaMa19.jpg?resize=350%2C200&ssl=1 1x, https:\/\/i0.wp.com\/www.panpagan.com\/forum_neu\/ppwp\/wp-content\/uploads\/2014\/10\/DurgaMa19.jpg?resize=525%2C300&ssl=1 1.5x, https:\/\/i0.wp.com\/www.panpagan.com\/forum_neu\/ppwp\/wp-content\/uploads\/2014\/10\/DurgaMa19.jpg?resize=700%2C400&ssl=1 2x"},"classes":[]},{"id":631,"url":"https:\/\/www.panpagan.com\/forum_neu\/ppwp\/mantra-chant-affirmation-ein-versuch-der-unterscheidung-teil-4\/","url_meta":{"origin":683,"position":5},"title":"Mantra, Chant &#038; Affirmation-Ein Versuch der Unterscheidung (Teil 4)","author":"Siat","date":"8. M\u00e4rz 2015","format":false,"excerpt":"Nachdem wir uns im zweiten\u00a0 und dritten Teil dieser Artikelreihe mit den Begriffen des Chants und der Affirmation auseinandergesetzt haben, m\u00f6chte ich mich dem etwas komplexen Thema \"Mantra\" widmen. \u092e\u0928\u094d\u0924\u094d\u0930 Mantra Wortherkunft Der Begriff stammt aus dem Sanskrit, bei der es sich, ganz grob gesagt, um eine alt-indische Sprache handelt,\u2026","rel":"","context":"In &quot;Am Anfang&quot;","block_context":{"text":"Am Anfang","link":"https:\/\/www.panpagan.com\/forum_neu\/ppwp\/category\/tempel-und-hain\/am-anfang\/"},"img":{"alt_text":"","src":"https:\/\/i0.wp.com\/www.panpagan.com\/forum_neu\/ppwp\/wp-content\/uploads\/2014\/11\/LikhitaJapaDurga2.jpg?resize=350%2C200&ssl=1","width":350,"height":200,"srcset":"https:\/\/i0.wp.com\/www.panpagan.com\/forum_neu\/ppwp\/wp-content\/uploads\/2014\/11\/LikhitaJapaDurga2.jpg?resize=350%2C200&ssl=1 1x, https:\/\/i0.wp.com\/www.panpagan.com\/forum_neu\/ppwp\/wp-content\/uploads\/2014\/11\/LikhitaJapaDurga2.jpg?resize=525%2C300&ssl=1 1.5x, https:\/\/i0.wp.com\/www.panpagan.com\/forum_neu\/ppwp\/wp-content\/uploads\/2014\/11\/LikhitaJapaDurga2.jpg?resize=700%2C400&ssl=1 2x"},"classes":[]}],"_links":{"self":[{"href":"https:\/\/www.panpagan.com\/forum_neu\/ppwp\/wp-json\/wp\/v2\/posts\/683","targetHints":{"allow":["GET"]}}],"collection":[{"href":"https:\/\/www.panpagan.com\/forum_neu\/ppwp\/wp-json\/wp\/v2\/posts"}],"about":[{"href":"https:\/\/www.panpagan.com\/forum_neu\/ppwp\/wp-json\/wp\/v2\/types\/post"}],"author":[{"embeddable":true,"href":"https:\/\/www.panpagan.com\/forum_neu\/ppwp\/wp-json\/wp\/v2\/users\/2"}],"replies":[{"embeddable":true,"href":"https:\/\/www.panpagan.com\/forum_neu\/ppwp\/wp-json\/wp\/v2\/comments?post=683"}],"version-history":[{"count":24,"href":"https:\/\/www.panpagan.com\/forum_neu\/ppwp\/wp-json\/wp\/v2\/posts\/683\/revisions"}],"predecessor-version":[{"id":712,"href":"https:\/\/www.panpagan.com\/forum_neu\/ppwp\/wp-json\/wp\/v2\/posts\/683\/revisions\/712"}],"wp:attachment":[{"href":"https:\/\/www.panpagan.com\/forum_neu\/ppwp\/wp-json\/wp\/v2\/media?parent=683"}],"wp:term":[{"taxonomy":"category","embeddable":true,"href":"https:\/\/www.panpagan.com\/forum_neu\/ppwp\/wp-json\/wp\/v2\/categories?post=683"},{"taxonomy":"post_tag","embeddable":true,"href":"https:\/\/www.panpagan.com\/forum_neu\/ppwp\/wp-json\/wp\/v2\/tags?post=683"}],"curies":[{"name":"wp","href":"https:\/\/api.w.org\/{rel}","templated":true}]}}