{"id":648,"date":"2015-03-08T17:18:06","date_gmt":"2015-03-08T15:18:06","guid":{"rendered":"http:\/\/www.panpagan.com\/forum_neu\/ppwp\/?p=648"},"modified":"2015-03-08T17:25:42","modified_gmt":"2015-03-08T15:25:42","slug":"08-03-15-editorial","status":"publish","type":"post","link":"https:\/\/www.panpagan.com\/forum_neu\/ppwp\/08-03-15-editorial\/","title":{"rendered":"08.03.15 &#8211; Editorial"},"content":{"rendered":"<p>Hallo zusammen,<\/p>\n<p>das Jahresrad dreht sich immer weiter.<br \/>\nDie w\u00e4rmenden Sonnenstrahlen locken hinaus und verleiten dann und wann dazu zu vergessen, dass der Winter noch immer nicht ganz aus den Landen vertreiben ist.<br \/>\nHier steigen die Temperaturen tags\u00fcber mittlerweile auf 13-15\u00b0 C, doch in der Nacht hat uns V\u00e4terchen Frost mit Temperaturen zwischen -1\u00b0 und -2\u00b0 C noch gut in der Hand.<br \/>\nUnd doch, Ostera, die Fr\u00fchlings-Tag-und Nachtgleiche sendet bereits seine Boten.<br \/>\nDie Natur, die an Imbolc noch im sanften Schlummer lag, beginnt nun zu erwachen. Schneegl\u00f6cklichen und Krokusse spitzen \u00fcberall aus den Boden und \u00fcbers\u00e4en Wiesen und G\u00e4rten mit ihrer Pracht.<br \/>\nDer Gesang der V\u00f6gel beginnt die Luft wieder zu f\u00fcllen und in uns allen erwachen so langsam die Fr\u00fchlingsgef\u00fchle.<\/p>\n<p>Durchatmen ist angesagt und die Freude \u00fcber das Erwachen der Natur.<\/p>\n<p>Im heutigen Update findet Ihr den vierten Teil der Reihe &#8222;<a href=\"https:\/\/www.panpagan.com\/forum_neu\/ppwp\/?p=631\">Mantra, Chant und Affirmation-Ein Versuch der Unterscheidung<\/a>&#8222;, der sich heute mit dem Ursprung und der Definition von &#8222;Mantra&#8220; besch\u00e4ftigen wird.<\/p>\n<p>Au\u00dferdem freue ich mich, Euch den ersten Teil der Artikelreihe &#8222;<a href=\"https:\/\/www.panpagan.com\/forum_neu\/ppwp\/?p=653\">Vom Wesen \u00e4gyptischer Tempel<\/a>&#8220; von Merienptah pr\u00e4sentieren zu k\u00f6nnen, f\u00fcr den ich mich ganz herzlich bedanke.<\/p>\n<p>Wir w\u00fcnschen Euch viel Freude beim Lesen und w\u00fcrden uns nat\u00fcrlich auch \u00fcber Eure Gedanken in Form von Kommentaren oder auch gern Artikeln f\u00fcr das Blog freuen.<\/p>\n<p>&nbsp;<\/p>\n<p>LG<br \/>\nSiat<\/p>\n","protected":false},"excerpt":{"rendered":"<p>Hallo zusammen, das Jahresrad dreht sich immer weiter. Die w\u00e4rmenden Sonnenstrahlen locken hinaus und verleiten dann und wann dazu zu vergessen, dass der Winter noch immer nicht ganz aus den Landen vertreiben ist. Hier steigen die Temperaturen tags\u00fcber mittlerweile auf 13-15\u00b0 C, doch in der Nacht hat uns V\u00e4terchen Frost mit Temperaturen zwischen -1\u00b0 und &hellip; <a href=\"https:\/\/www.panpagan.com\/forum_neu\/ppwp\/08-03-15-editorial\/\" class=\"more-link\"><span class=\"screen-reader-text\">08.03.15 &#8211; Editorial<\/span> weiterlesen <span class=\"meta-nav\">&rarr;<\/span><\/a><\/p>\n","protected":false},"author":7,"featured_media":649,"comment_status":"open","ping_status":"open","sticky":false,"template":"","format":"standard","meta":{"jetpack_post_was_ever_published":false,"_jetpack_newsletter_access":"","_jetpack_dont_email_post_to_subs":false,"_jetpack_newsletter_tier_id":0,"_jetpack_memberships_contains_paywalled_content":false,"_jetpack_memberships_contains_paid_content":false,"footnotes":"","jetpack_publicize_message":"08.03.15 - Editorial http:\/\/wp.me\/p55jil-as","jetpack_publicize_feature_enabled":true,"jetpack_social_post_already_shared":true,"jetpack_social_options":{"image_generator_settings":{"template":"highway","default_image_id":0,"font":"","enabled":false},"version":2}},"categories":[54],"tags":[],"class_list":["post-648","post","type-post","status-publish","format-standard","has-post-thumbnail","hentry","category-editorials"],"jetpack_publicize_connections":[],"jetpack_featured_media_url":"https:\/\/www.panpagan.com\/forum_neu\/ppwp\/wp-content\/uploads\/2015\/03\/WiesengrundBaum_klein.jpg","jetpack_sharing_enabled":true,"jetpack_shortlink":"https:\/\/wp.me\/p55jil-as","jetpack_likes_enabled":true,"jetpack-related-posts":[{"id":1263,"url":"https:\/\/www.panpagan.com\/forum_neu\/ppwp\/editorial-05-maerz-2017\/","url_meta":{"origin":648,"position":0},"title":"Editorial-05. M\u00e4rz 2017","author":"Redaktion","date":"5. M\u00e4rz 2017","format":false,"excerpt":"Sprie\u00dft, ihr Keimchen, aus den Zweigen, Sprie\u00dft aus Moos, das Gr\u00e4ber deckt! Hoher Hoffnung Bild und Zeugen, Da\u00df auch wir der Erd\u00b4 entsteigen, Wenn des ew\u00b4gen Fr\u00fchlings Odem Uns zur Auferstehung weckt! Johann Graudenz von Salis-Seewis \"M\u00e4rzlied\" Mit dem Beginn des M\u00e4rzens beginnt f\u00fcr viele der lang ersehnte Fr\u00fchling. Das\u2026","rel":"","context":"In &quot;Editorials&quot;","block_context":{"text":"Editorials","link":"https:\/\/www.panpagan.com\/forum_neu\/ppwp\/category\/editorials\/"},"img":{"alt_text":"","src":"https:\/\/i0.wp.com\/www.panpagan.com\/forum_neu\/ppwp\/wp-content\/uploads\/2017\/03\/Fruehlingserwachen2017.jpg?resize=350%2C200&ssl=1","width":350,"height":200},"classes":[]},{"id":871,"url":"https:\/\/www.panpagan.com\/forum_neu\/ppwp\/litha-fest-des-feuers-fest-des-wassers-von-siat\/","url_meta":{"origin":648,"position":1},"title":"Litha-Fest des Feuers, Fest des Wassers von Siat","author":"Siat","date":"12. Juli 2015","format":false,"excerpt":"Die Sommersonnenwende liegt hinter uns. Doch obwohl die Tage langsam wieder k\u00fcrzer werden, bringen sie doch erst die Hitze des Sommers mit sich. Litha wird von vielen HeidInnen gefeiert als Hoch-Zeit des Jahres. Jubelnd und gl\u00fccklich \u00fcber den Sommer, die Kraft der Sonne und die hei\u00dfen Tage. Wir feiern die\u2026","rel":"","context":"In &quot;Der Jahreskreis&quot;","block_context":{"text":"Der Jahreskreis","link":"https:\/\/www.panpagan.com\/forum_neu\/ppwp\/category\/tempel-und-hain\/feste-und-feiern\/der-jahreskreis\/"},"img":{"alt_text":"","src":"https:\/\/i0.wp.com\/www.panpagan.com\/forum_neu\/ppwp\/wp-content\/uploads\/2015\/07\/WasserFeuer.jpg?resize=350%2C200&ssl=1","width":350,"height":200,"srcset":"https:\/\/i0.wp.com\/www.panpagan.com\/forum_neu\/ppwp\/wp-content\/uploads\/2015\/07\/WasserFeuer.jpg?resize=350%2C200&ssl=1 1x, https:\/\/i0.wp.com\/www.panpagan.com\/forum_neu\/ppwp\/wp-content\/uploads\/2015\/07\/WasserFeuer.jpg?resize=525%2C300&ssl=1 1.5x, https:\/\/i0.wp.com\/www.panpagan.com\/forum_neu\/ppwp\/wp-content\/uploads\/2015\/07\/WasserFeuer.jpg?resize=700%2C400&ssl=1 2x, https:\/\/i0.wp.com\/www.panpagan.com\/forum_neu\/ppwp\/wp-content\/uploads\/2015\/07\/WasserFeuer.jpg?resize=1050%2C600&ssl=1 3x, https:\/\/i0.wp.com\/www.panpagan.com\/forum_neu\/ppwp\/wp-content\/uploads\/2015\/07\/WasserFeuer.jpg?resize=1400%2C800&ssl=1 4x"},"classes":[]},{"id":1297,"url":"https:\/\/www.panpagan.com\/forum_neu\/ppwp\/eindruecke-von-unserem-litha-ritual\/","url_meta":{"origin":648,"position":2},"title":"Eindr\u00fccke von unserem Litha-Ritual","author":"Siat","date":"10. Juli 2017","format":false,"excerpt":"Es war ein wunderbares Fest. Auch wenn die Temperaturen etwas zu w\u00fcnschen \u00fcbrig lie\u00dfen (die Schafsk\u00e4lte war noch nicht vor\u00fcber), so verbrachten wir doch ein wundervolles Wochenende und einen tollen Ritual-Tag. Aus terminlichen Gr\u00fcnden hatten wir unsere Feier auf den Sonnabend vor der eigentlichen Sonnenwende gelegt. Ich wagte dieses Mal\u2026","rel":"","context":"In &quot;Der Jahreskreis&quot;","block_context":{"text":"Der Jahreskreis","link":"https:\/\/www.panpagan.com\/forum_neu\/ppwp\/category\/tempel-und-hain\/feste-und-feiern\/der-jahreskreis\/"},"img":{"alt_text":"","src":"https:\/\/i0.wp.com\/www.panpagan.com\/forum_neu\/ppwp\/wp-content\/uploads\/2017\/07\/Litha2017_Mittag1.jpg?resize=350%2C200&ssl=1","width":350,"height":200,"srcset":"https:\/\/i0.wp.com\/www.panpagan.com\/forum_neu\/ppwp\/wp-content\/uploads\/2017\/07\/Litha2017_Mittag1.jpg?resize=350%2C200&ssl=1 1x, https:\/\/i0.wp.com\/www.panpagan.com\/forum_neu\/ppwp\/wp-content\/uploads\/2017\/07\/Litha2017_Mittag1.jpg?resize=525%2C300&ssl=1 1.5x, https:\/\/i0.wp.com\/www.panpagan.com\/forum_neu\/ppwp\/wp-content\/uploads\/2017\/07\/Litha2017_Mittag1.jpg?resize=700%2C400&ssl=1 2x"},"classes":[]},{"id":876,"url":"https:\/\/www.panpagan.com\/forum_neu\/ppwp\/12-07-15-editorial\/","url_meta":{"origin":648,"position":3},"title":"12.07.15-Editorial","author":"Redaktion","date":"12. Juli 2015","format":false,"excerpt":"Hallo zusammen, die Zeit vergeht wie im Flug. Die Sonne hat ihren Zenit an der Sommersonnenwende \u00fcberschritten, und hat ihren langsamen, aber steten Abstieg begonnen. Doch obwohl die Tage langsam wieder k\u00fcrzer werden, gehen die Temperaturen erst einmal weiter nach oben. Das vergangene Wochenende brachte uns hier die bisher hei\u00dfesten\u2026","rel":"","context":"In &quot;Editorials&quot;","block_context":{"text":"Editorials","link":"https:\/\/www.panpagan.com\/forum_neu\/ppwp\/category\/editorials\/"},"img":{"alt_text":"","src":"","width":0,"height":0},"classes":[]},{"id":613,"url":"https:\/\/www.panpagan.com\/forum_neu\/ppwp\/gedanken-zu-imbolc-von-solveig\/","url_meta":{"origin":648,"position":4},"title":"Gedanken zu Imbolc von Solveig","author":"Redaktion","date":"1. Februar 2015","format":false,"excerpt":"Obgleich die Natur noch in winterlicher Starre verharrt, steigt von uns unbemerkt der Saft in die B\u00e4ume. Die ersten Fr\u00fchlingsboten machen sich in der Erde zum Keimen bereit. Die Sonne geht schon ein bisschen fr\u00fcher auf, und abends ist es l\u00e4nger hell. Eine ganze Stunde Tageslicht haben wir seit Jul\u2026","rel":"","context":"In &quot;Der Jahreskreis&quot;","block_context":{"text":"Der Jahreskreis","link":"https:\/\/www.panpagan.com\/forum_neu\/ppwp\/category\/tempel-und-hain\/feste-und-feiern\/der-jahreskreis\/"},"img":{"alt_text":"","src":"","width":0,"height":0},"classes":[]},{"id":376,"url":"https:\/\/www.panpagan.com\/forum_neu\/ppwp\/der-verdraengte-tod-2\/","url_meta":{"origin":648,"position":5},"title":"Der verdr\u00e4ngte Tod","author":"Siat","date":"19. Oktober 2014","format":false,"excerpt":"Ein paar lose Gedanken zum Umgang mit Sterben und Tod Samhain, das Fest zu Ehren der Verstorbenen steht unmittelbar vor der T\u00fcr. Die Schleier zwischen den Welten lichtet sich und es wird leichter sowohl f\u00fcr uns als auch f\u00fcr die, die vor uns gegangen sind, die Grenzen zwischen den Welten\u2026","rel":"","context":"In &quot;Allgemein&quot;","block_context":{"text":"Allgemein","link":"https:\/\/www.panpagan.com\/forum_neu\/ppwp\/category\/allgemein\/"},"img":{"alt_text":"","src":"https:\/\/i0.wp.com\/www.panpagan.com\/forum_neu\/ppwp\/wp-content\/uploads\/2014\/10\/Samhain_Urnenhain_zu_AllerseelenWikipedia.jpg?resize=350%2C200&ssl=1","width":350,"height":200,"srcset":"https:\/\/i0.wp.com\/www.panpagan.com\/forum_neu\/ppwp\/wp-content\/uploads\/2014\/10\/Samhain_Urnenhain_zu_AllerseelenWikipedia.jpg?resize=350%2C200&ssl=1 1x, https:\/\/i0.wp.com\/www.panpagan.com\/forum_neu\/ppwp\/wp-content\/uploads\/2014\/10\/Samhain_Urnenhain_zu_AllerseelenWikipedia.jpg?resize=525%2C300&ssl=1 1.5x, https:\/\/i0.wp.com\/www.panpagan.com\/forum_neu\/ppwp\/wp-content\/uploads\/2014\/10\/Samhain_Urnenhain_zu_AllerseelenWikipedia.jpg?resize=700%2C400&ssl=1 2x"},"classes":[]}],"_links":{"self":[{"href":"https:\/\/www.panpagan.com\/forum_neu\/ppwp\/wp-json\/wp\/v2\/posts\/648","targetHints":{"allow":["GET"]}}],"collection":[{"href":"https:\/\/www.panpagan.com\/forum_neu\/ppwp\/wp-json\/wp\/v2\/posts"}],"about":[{"href":"https:\/\/www.panpagan.com\/forum_neu\/ppwp\/wp-json\/wp\/v2\/types\/post"}],"author":[{"embeddable":true,"href":"https:\/\/www.panpagan.com\/forum_neu\/ppwp\/wp-json\/wp\/v2\/users\/7"}],"replies":[{"embeddable":true,"href":"https:\/\/www.panpagan.com\/forum_neu\/ppwp\/wp-json\/wp\/v2\/comments?post=648"}],"version-history":[{"count":6,"href":"https:\/\/www.panpagan.com\/forum_neu\/ppwp\/wp-json\/wp\/v2\/posts\/648\/revisions"}],"predecessor-version":[{"id":666,"href":"https:\/\/www.panpagan.com\/forum_neu\/ppwp\/wp-json\/wp\/v2\/posts\/648\/revisions\/666"}],"wp:featuredmedia":[{"embeddable":true,"href":"https:\/\/www.panpagan.com\/forum_neu\/ppwp\/wp-json\/wp\/v2\/media\/649"}],"wp:attachment":[{"href":"https:\/\/www.panpagan.com\/forum_neu\/ppwp\/wp-json\/wp\/v2\/media?parent=648"}],"wp:term":[{"taxonomy":"category","embeddable":true,"href":"https:\/\/www.panpagan.com\/forum_neu\/ppwp\/wp-json\/wp\/v2\/categories?post=648"},{"taxonomy":"post_tag","embeddable":true,"href":"https:\/\/www.panpagan.com\/forum_neu\/ppwp\/wp-json\/wp\/v2\/tags?post=648"}],"curies":[{"name":"wp","href":"https:\/\/api.w.org\/{rel}","templated":true}]}}