{"id":613,"date":"2015-02-01T19:45:59","date_gmt":"2015-02-01T17:45:59","guid":{"rendered":"http:\/\/www.panpagan.com\/forum_neu\/ppwp\/?p=613"},"modified":"2015-02-01T19:52:33","modified_gmt":"2015-02-01T17:52:33","slug":"gedanken-zu-imbolc-von-solveig","status":"publish","type":"post","link":"https:\/\/www.panpagan.com\/forum_neu\/ppwp\/gedanken-zu-imbolc-von-solveig\/","title":{"rendered":"Gedanken zu Imbolc von Solveig"},"content":{"rendered":"<p>Obgleich die Natur noch in winterlicher Starre verharrt, steigt von uns unbemerkt der Saft in die B\u00e4ume.<br \/>\nDie ersten Fr\u00fchlingsboten machen sich in der Erde zum Keimen bereit. Die Sonne geht schon ein bisschen fr\u00fcher auf, und abends ist es l\u00e4nger hell.<br \/>\nEine ganze Stunde Tageslicht haben wir seit Jul gewonnen.<\/p>\n<p>In diesem neuen Licht erscheint die G\u00f6ttin als die sch\u00f6ne, vom Strahlenkranz umgebene Lichtjungfrau Brigid.<br \/>\nSie l\u00f6st die dunkle Alte ab, die den Winter beherrscht.<\/p>\n<p>Mit Brigid steigen Elementarwesen und Fruchtbarkeitsgeister aus der wieder erwachenden Erde.<br \/>\nDie Winterschl\u00e4fer Dachs und B\u00e4r stecken schlaftrunken die Nasen aus ihren H\u00f6hlen. Noch steif und verschlafen wagen sie die ersten Schritte. Sie halten Ausschau, wie weit der Fr\u00fchling gediehen ist.<\/p>\n<p>Der B\u00e4r symbolisiert den wiedergeborenen, jugendlichen Sonnengott.<br \/>\nNoch ist er unkenntlich verh\u00fcllt in seiner ungez\u00e4hmten, berserkerhaften Gestalt.<\/p>\n<p>Der B\u00e4r symbolisiert Fruchtbarkeit und Lebenskraft. Er und die emsigen Bienen, die wir f\u00fcr ihren Honig und das Wachs sch\u00e4tzen, sind die Begleiter der wei\u00dfen Brigid. Als Gegens\u00e4tze geh\u00f6ren sie zusammen: der massige Faulpelz und die winzigen Insekten. Bemerkenswert an den Bienen ist, dass sie den Honig aus den Bl\u00fcten saugen, ohne diese zu zerst\u00f6ren.<\/p>\n<p>Brigid steht im Ruf, alle Gew\u00e4sser in Bewegung zu versetzen, das Eis zum Schmelzen zu bringen, die S\u00e4fte in den B\u00e4umen anzuregen und die Pflanzen wieder sprie\u00dfen zu lassen. Auch in uns Menschen l\u00e4sst sie Fr\u00fchlingsgef\u00fchle aufkeimen.<\/p>\n<p>Ehe wir jedoch das wieder erstarkende Licht feiern und den Fr\u00fchlingsgef\u00fchlen ihren Lauf lassen, wollen wir den Winter verabschieden und mit ihm alles zur\u00fccklassen, was sich schwer, tr\u00e4ge und kalt anf\u00fchlt\u2026.<\/p>\n","protected":false},"excerpt":{"rendered":"<p>Obgleich die Natur noch in winterlicher Starre verharrt, steigt von uns unbemerkt der Saft in die B\u00e4ume. Die ersten Fr\u00fchlingsboten machen sich in der Erde zum Keimen bereit. Die Sonne geht schon ein bisschen fr\u00fcher auf, und abends ist es l\u00e4nger hell. Eine ganze Stunde Tageslicht haben wir seit Jul gewonnen. In diesem neuen Licht &hellip; <a href=\"https:\/\/www.panpagan.com\/forum_neu\/ppwp\/gedanken-zu-imbolc-von-solveig\/\" class=\"more-link\"><span class=\"screen-reader-text\">Gedanken zu Imbolc von Solveig<\/span> weiterlesen <span class=\"meta-nav\">&rarr;<\/span><\/a><\/p>\n","protected":false},"author":7,"featured_media":0,"comment_status":"open","ping_status":"open","sticky":false,"template":"","format":"standard","meta":{"jetpack_post_was_ever_published":false,"_jetpack_newsletter_access":"","_jetpack_dont_email_post_to_subs":false,"_jetpack_newsletter_tier_id":0,"_jetpack_memberships_contains_paywalled_content":false,"_jetpack_memberships_contains_paid_content":false,"footnotes":"","jetpack_publicize_message":"","jetpack_publicize_feature_enabled":true,"jetpack_social_post_already_shared":true,"jetpack_social_options":{"image_generator_settings":{"template":"highway","default_image_id":0,"font":"","enabled":false},"version":2}},"categories":[84,83],"tags":[203,204,201,200,202,208,207],"class_list":["post-613","post","type-post","status-publish","format-standard","hentry","category-der-jahreskreis","category-feste-und-feiern","tag-brighid","tag-brigid","tag-imbolc","tag-lichtmess","tag-oimelec","tag-st-brigid-of-kildare","tag-st-brigitte"],"jetpack_publicize_connections":[],"jetpack_featured_media_url":"","jetpack_sharing_enabled":true,"jetpack_shortlink":"https:\/\/wp.me\/p55jil-9T","jetpack_likes_enabled":true,"jetpack-related-posts":[{"id":618,"url":"https:\/\/www.panpagan.com\/forum_neu\/ppwp\/imbolc\/","url_meta":{"origin":613,"position":0},"title":"Imbolc","author":"Siat","date":"1. Februar 2015","format":false,"excerpt":"\u00a0 Leise, leise ruft die Nacht Fl\u00fcsternd, lockend, stark mit Macht Eisig klirrend ist die Luft Mondlicht, silbern-gl\u00e4nzend, ruft Sterne funkeln, glimmen hell Tragen meine F\u00fc\u00dfe schnell Silberfunken tanzen spr\u00fchend Bring\u00b4 des Wassers Lauf zum Gl\u00fchen Leise klingt das Lied der Sterne Durch die samtig funkelnd Ferne \u00d6ffnet Tore in\u2026","rel":"","context":"In &quot;Bardisches&quot;","block_context":{"text":"Bardisches","link":"https:\/\/www.panpagan.com\/forum_neu\/ppwp\/category\/heidnische-lebens-und-denkweise\/von-der-muse-gekuesst\/bardisches\/"},"img":{"alt_text":"","src":"https:\/\/i0.wp.com\/www.panpagan.com\/forum_neu\/ppwp\/wp-content\/uploads\/2015\/02\/LaterneimSchnee.jpg?resize=350%2C200&ssl=1","width":350,"height":200,"srcset":"https:\/\/i0.wp.com\/www.panpagan.com\/forum_neu\/ppwp\/wp-content\/uploads\/2015\/02\/LaterneimSchnee.jpg?resize=350%2C200&ssl=1 1x, https:\/\/i0.wp.com\/www.panpagan.com\/forum_neu\/ppwp\/wp-content\/uploads\/2015\/02\/LaterneimSchnee.jpg?resize=525%2C300&ssl=1 1.5x, https:\/\/i0.wp.com\/www.panpagan.com\/forum_neu\/ppwp\/wp-content\/uploads\/2015\/02\/LaterneimSchnee.jpg?resize=700%2C400&ssl=1 2x"},"classes":[]},{"id":1154,"url":"https:\/\/www.panpagan.com\/forum_neu\/ppwp\/brighid-goettin-der-drei-feuer-von-ishtar\/","url_meta":{"origin":613,"position":1},"title":"Brighid-G\u00f6ttin der drei Feuer von Ishtar","author":"Redaktion","date":"29. Januar 2017","format":false,"excerpt":"Die keltische G\u00f6ttin Brighid geh\u00f6rt vielleicht zu den \u00e4ltesten G\u00f6ttinnen Europas, die (teilweise zwar unter christlichem Mantel) ungebrochen bis heute verehrt wurde. Viele ihrer Wurzeln greifen zur\u00fcck auf die Mythologie der Steinzeit und Eisenzeit. Sie wurde unter vielen Namen bekannt und ihre Verehrung findet sich nicht nur Irland und Nordengland,\u2026","rel":"","context":"In &quot;Der Jahreskreis&quot;","block_context":{"text":"Der Jahreskreis","link":"https:\/\/www.panpagan.com\/forum_neu\/ppwp\/category\/tempel-und-hain\/feste-und-feiern\/der-jahreskreis\/"},"img":{"alt_text":"","src":"https:\/\/i0.wp.com\/www.sternenkreis.de\/images\/naturreligionen\/brighidkreuze.jpg?resize=350%2C200","width":350,"height":200},"classes":[]},{"id":648,"url":"https:\/\/www.panpagan.com\/forum_neu\/ppwp\/08-03-15-editorial\/","url_meta":{"origin":613,"position":2},"title":"08.03.15 &#8211; Editorial","author":"Redaktion","date":"8. M\u00e4rz 2015","format":false,"excerpt":"Hallo zusammen, das Jahresrad dreht sich immer weiter. Die w\u00e4rmenden Sonnenstrahlen locken hinaus und verleiten dann und wann dazu zu vergessen, dass der Winter noch immer nicht ganz aus den Landen vertreiben ist. Hier steigen die Temperaturen tags\u00fcber mittlerweile auf 13-15\u00b0 C, doch in der Nacht hat uns V\u00e4terchen Frost\u2026","rel":"","context":"In &quot;Editorials&quot;","block_context":{"text":"Editorials","link":"https:\/\/www.panpagan.com\/forum_neu\/ppwp\/category\/editorials\/"},"img":{"alt_text":"","src":"https:\/\/i0.wp.com\/www.panpagan.com\/forum_neu\/ppwp\/wp-content\/uploads\/2015\/03\/WiesengrundBaum_klein.jpg?resize=350%2C200&ssl=1","width":350,"height":200,"srcset":"https:\/\/i0.wp.com\/www.panpagan.com\/forum_neu\/ppwp\/wp-content\/uploads\/2015\/03\/WiesengrundBaum_klein.jpg?resize=350%2C200&ssl=1 1x, https:\/\/i0.wp.com\/www.panpagan.com\/forum_neu\/ppwp\/wp-content\/uploads\/2015\/03\/WiesengrundBaum_klein.jpg?resize=525%2C300&ssl=1 1.5x"},"classes":[]},{"id":719,"url":"https:\/\/www.panpagan.com\/forum_neu\/ppwp\/vom-wesen-aegyptischer-tempel-teil-3-von-merienptah\/","url_meta":{"origin":613,"position":3},"title":"Vom Wesen \u00e4gyptischer Tempel (Teil 3) von Merienptah","author":"Redaktion","date":"22. M\u00e4rz 2015","format":false,"excerpt":"\u00a0 Weiterhin geh\u00f6ren zu den meisten Tempelkomplexen sogenannte Barkenstationen. Dies sind Ruhepl\u00e4tze f\u00fcr die G\u00f6tterbarke bei ihren Prozessionen im Tempelgeb\u00e4ude selbst oder au\u00dferhalb der Tempelumwallung. Diese Geb\u00e4ude sind St\u00e4tten bei denen die Gottheit w\u00e4hrend einer Prozession ausruhen kann, aber sie haben auch einen nicht zu verachtenden Wert f\u00fcr die Priester,\u2026","rel":"","context":"In &quot;Am Ufer des Nils&quot;","block_context":{"text":"Am Ufer des Nils","link":"https:\/\/www.panpagan.com\/forum_neu\/ppwp\/category\/heidnisches-multiversum\/am-ufer-des-nils\/"},"img":{"alt_text":"","src":"https:\/\/i0.wp.com\/www.panpagan.com\/forum_neu\/ppwp\/wp-content\/uploads\/2015\/03\/Karnak-Tempel_Saeulenhalle_bunt.jpg?resize=350%2C200&ssl=1","width":350,"height":200,"srcset":"https:\/\/i0.wp.com\/www.panpagan.com\/forum_neu\/ppwp\/wp-content\/uploads\/2015\/03\/Karnak-Tempel_Saeulenhalle_bunt.jpg?resize=350%2C200&ssl=1 1x, https:\/\/i0.wp.com\/www.panpagan.com\/forum_neu\/ppwp\/wp-content\/uploads\/2015\/03\/Karnak-Tempel_Saeulenhalle_bunt.jpg?resize=525%2C300&ssl=1 1.5x, https:\/\/i0.wp.com\/www.panpagan.com\/forum_neu\/ppwp\/wp-content\/uploads\/2015\/03\/Karnak-Tempel_Saeulenhalle_bunt.jpg?resize=700%2C400&ssl=1 2x"},"classes":[]},{"id":791,"url":"https:\/\/www.panpagan.com\/forum_neu\/ppwp\/von-der-schoepfung-der-welt-teil-1-von-merienptah\/","url_meta":{"origin":613,"position":4},"title":"Von der Sch\u00f6pfung der Welt (Teil 1) von Merienptah","author":"Redaktion","date":"12. Juli 2015","format":false,"excerpt":"Das alte Kemet hat in seiner vieltausendj\u00e4hrigen Geschichte wohl mehr Sch\u00f6pfungsmythen hervorgebracht als jede andere alte Kultur. Die scheinbare Ironie an der Sache ist, dass diese Kosmogonien und Theogonien auf den ersten Blick widerspr\u00fcchliche Darstellungen ihrer mythischen Entstehung und Beherrschung des Kosmos beinhalten und dass sie im Laufe der gesamten\u2026","rel":"","context":"In &quot;Am Ufer des Nils&quot;","block_context":{"text":"Am Ufer des Nils","link":"https:\/\/www.panpagan.com\/forum_neu\/ppwp\/category\/heidnisches-multiversum\/am-ufer-des-nils\/"},"img":{"alt_text":"","src":"https:\/\/i0.wp.com\/www.panpagan.com\/forum_neu\/ppwp\/wp-content\/uploads\/2015\/04\/Sunrise_at_Creation.jpg?resize=350%2C200&ssl=1","width":350,"height":200,"srcset":"https:\/\/i0.wp.com\/www.panpagan.com\/forum_neu\/ppwp\/wp-content\/uploads\/2015\/04\/Sunrise_at_Creation.jpg?resize=350%2C200&ssl=1 1x, https:\/\/i0.wp.com\/www.panpagan.com\/forum_neu\/ppwp\/wp-content\/uploads\/2015\/04\/Sunrise_at_Creation.jpg?resize=525%2C300&ssl=1 1.5x, https:\/\/i0.wp.com\/www.panpagan.com\/forum_neu\/ppwp\/wp-content\/uploads\/2015\/04\/Sunrise_at_Creation.jpg?resize=700%2C400&ssl=1 2x"},"classes":[]},{"id":883,"url":"https:\/\/www.panpagan.com\/forum_neu\/ppwp\/von-der-schoepfung-der-welt-teil-2-von-merienptah\/","url_meta":{"origin":613,"position":5},"title":"Von der Sch\u00f6pfung der Welt (Teil 2) von Merienptah","author":"Redaktion","date":"26. Juli 2015","format":false,"excerpt":"Neunheit von Iunu Nachdem Schu und Tefnut erwachsen waren wurden sie die Eltern von Geb, der Erde, und dessen Schwester und Gemahlin Nut, dem Himmel. Damit waren die G\u00f6tter der bedeutenden Naturaspekte definiert. Geb und Nut wurden von ihrem Vater Schu getrennt, der sich zwischen sie stellte und somit das\u2026","rel":"","context":"In &quot;Am Ufer des Nils&quot;","block_context":{"text":"Am Ufer des Nils","link":"https:\/\/www.panpagan.com\/forum_neu\/ppwp\/category\/heidnisches-multiversum\/am-ufer-des-nils\/"},"img":{"alt_text":"","src":"https:\/\/i0.wp.com\/www.panpagan.com\/forum_neu\/ppwp\/wp-content\/uploads\/2015\/04\/NeunheitDendera_Deckenrelief_03.jpg?resize=350%2C200&ssl=1","width":350,"height":200,"srcset":"https:\/\/i0.wp.com\/www.panpagan.com\/forum_neu\/ppwp\/wp-content\/uploads\/2015\/04\/NeunheitDendera_Deckenrelief_03.jpg?resize=350%2C200&ssl=1 1x, https:\/\/i0.wp.com\/www.panpagan.com\/forum_neu\/ppwp\/wp-content\/uploads\/2015\/04\/NeunheitDendera_Deckenrelief_03.jpg?resize=525%2C300&ssl=1 1.5x, https:\/\/i0.wp.com\/www.panpagan.com\/forum_neu\/ppwp\/wp-content\/uploads\/2015\/04\/NeunheitDendera_Deckenrelief_03.jpg?resize=700%2C400&ssl=1 2x, https:\/\/i0.wp.com\/www.panpagan.com\/forum_neu\/ppwp\/wp-content\/uploads\/2015\/04\/NeunheitDendera_Deckenrelief_03.jpg?resize=1050%2C600&ssl=1 3x, https:\/\/i0.wp.com\/www.panpagan.com\/forum_neu\/ppwp\/wp-content\/uploads\/2015\/04\/NeunheitDendera_Deckenrelief_03.jpg?resize=1400%2C800&ssl=1 4x"},"classes":[]}],"_links":{"self":[{"href":"https:\/\/www.panpagan.com\/forum_neu\/ppwp\/wp-json\/wp\/v2\/posts\/613","targetHints":{"allow":["GET"]}}],"collection":[{"href":"https:\/\/www.panpagan.com\/forum_neu\/ppwp\/wp-json\/wp\/v2\/posts"}],"about":[{"href":"https:\/\/www.panpagan.com\/forum_neu\/ppwp\/wp-json\/wp\/v2\/types\/post"}],"author":[{"embeddable":true,"href":"https:\/\/www.panpagan.com\/forum_neu\/ppwp\/wp-json\/wp\/v2\/users\/7"}],"replies":[{"embeddable":true,"href":"https:\/\/www.panpagan.com\/forum_neu\/ppwp\/wp-json\/wp\/v2\/comments?post=613"}],"version-history":[{"count":1,"href":"https:\/\/www.panpagan.com\/forum_neu\/ppwp\/wp-json\/wp\/v2\/posts\/613\/revisions"}],"predecessor-version":[{"id":614,"href":"https:\/\/www.panpagan.com\/forum_neu\/ppwp\/wp-json\/wp\/v2\/posts\/613\/revisions\/614"}],"wp:attachment":[{"href":"https:\/\/www.panpagan.com\/forum_neu\/ppwp\/wp-json\/wp\/v2\/media?parent=613"}],"wp:term":[{"taxonomy":"category","embeddable":true,"href":"https:\/\/www.panpagan.com\/forum_neu\/ppwp\/wp-json\/wp\/v2\/categories?post=613"},{"taxonomy":"post_tag","embeddable":true,"href":"https:\/\/www.panpagan.com\/forum_neu\/ppwp\/wp-json\/wp\/v2\/tags?post=613"}],"curies":[{"name":"wp","href":"https:\/\/api.w.org\/{rel}","templated":true}]}}