{"id":455,"date":"2014-11-09T22:30:42","date_gmt":"2014-11-09T20:30:42","guid":{"rendered":"http:\/\/www.panpagan.com\/forum_neu\/ppwp\/?p=455"},"modified":"2014-11-09T22:30:42","modified_gmt":"2014-11-09T20:30:42","slug":"gedanken-zu-samhain-von-solveig","status":"publish","type":"post","link":"https:\/\/www.panpagan.com\/forum_neu\/ppwp\/gedanken-zu-samhain-von-solveig\/","title":{"rendered":"Gedanken zu Samhain von Solveig"},"content":{"rendered":"<p>Zu Samhain sind die Schleier zwischen den Welten besonders d\u00fcnn. Das \u00dcbernat\u00fcrliche durchdringt die allt\u00e4gliche Wirklichkeit. Wesenheiten diesseits und jenseits des Vorhanges k\u00f6nnen leichter passieren.<br \/>\nSamhain ist die Nacht der Begegnung zwischen Lebenden und Toten.<\/p>\n<p>Das Licht hat inzwischen deutlich abgenommen, die Tage sind kurz. Die B\u00e4ume haben ihr Laub abgeworfen, viele Pflanzen haben sich in die Erde zur\u00fcckgezogen. Samen ruhen gut gesch\u00fctzt in der Erde und warten auf den Fr\u00fchling. Die Natur macht Pause.<br \/>\nNebel und Regen verleiden uns das Drau\u00dfen sein.<br \/>\nDie Zeit der Au\u00dfenarbeiten ist vorbei.<br \/>\nJetzt kommt die Zeit f\u00fcr Gl\u00fchwein und Pl\u00e4tzchen, die Zeit, sich in geselliger Runde zu treffen, Geschichten zu erz\u00e4hlen und Pl\u00e4ne f\u00fcr das n\u00e4chste Jahr zu schmieden.<\/p>\n<p>Wir wenden unsere Aufmerksamkeit nach innen und besch\u00e4ftigen uns mit den eigenen dunklen Aspekten.<br \/>\nF\u00fcr jeden magisch Arbeitenden ist es unverzichtbar, den eigenen Schatten zu kennen und anzunehmen.<br \/>\nTun wir es nicht, macht er uns zum Sklaven und bestimmt unser Leben.<\/p>\n<p>Wer m\u00f6chte, nimmt Kontakt auf zu den Ahnen, legt ein zus\u00e4tzliches Gedeck auf oder stellt Milch, Brei, Brot und Bier unter den Hollerbusch.<br \/>\nDer Hollunder neben dem Haus ist ein Schwellenbaum, ein Zugang zum Reich der Hel und zu den verstorbenen Ahnen.<br \/>\nWenn euch die Ahnen nicht geheuer sind, denkt an liebe Menschen, die diese Welt verlassen haben und an all das Gute, das euch mit ihnen verbindet. Vielleicht sind sie gerade jetzt an eurer Seite und st\u00e4rken euch mit ihrer Kraft.<\/p>\n<p>Da ist auch noch die Auseinandersetzung mit Tod, Alter und Sterben.<br \/>\nF\u00fcr jeden kommt irgendwann die Zeit \u2013 ein Fakt, den wir gerne ausblenden.<br \/>\nDer Tod ist etwas Anonymes geworden. Wir schieben ihn weg, denn er macht Angst.<br \/>\nDiese Angst gilt es zu \u00fcberwinden \u2013 auch wenn das leichter gesagt als getan ist.<br \/>\nDer Tod stellt einen Neubeginn dar.<br \/>\nEs gilt, ihm ins Auge zu sehen, ohne vor Schreck zu erstarren und das Leben zu vergessen.<br \/>\nEr ist fester Bestandteil des Lebens, der akzeptiert und integriert werden will.<\/p>\n","protected":false},"excerpt":{"rendered":"<p>Zu Samhain sind die Schleier zwischen den Welten besonders d\u00fcnn. Das \u00dcbernat\u00fcrliche durchdringt die allt\u00e4gliche Wirklichkeit. Wesenheiten diesseits und jenseits des Vorhanges k\u00f6nnen leichter passieren. Samhain ist die Nacht der Begegnung zwischen Lebenden und Toten. Das Licht hat inzwischen deutlich abgenommen, die Tage sind kurz. Die B\u00e4ume haben ihr Laub abgeworfen, viele Pflanzen haben sich &hellip; <a href=\"https:\/\/www.panpagan.com\/forum_neu\/ppwp\/gedanken-zu-samhain-von-solveig\/\" class=\"more-link\"><span class=\"screen-reader-text\">Gedanken zu Samhain von Solveig<\/span> weiterlesen <span class=\"meta-nav\">&rarr;<\/span><\/a><\/p>\n","protected":false},"author":7,"featured_media":0,"comment_status":"open","ping_status":"open","sticky":false,"template":"","format":"standard","meta":{"jetpack_post_was_ever_published":false,"_jetpack_newsletter_access":"","_jetpack_dont_email_post_to_subs":false,"_jetpack_newsletter_tier_id":0,"_jetpack_memberships_contains_paywalled_content":false,"_jetpack_memberships_contains_paid_content":false,"footnotes":"","jetpack_publicize_message":"","jetpack_publicize_feature_enabled":true,"jetpack_social_post_already_shared":true,"jetpack_social_options":{"image_generator_settings":{"template":"highway","default_image_id":0,"font":"","enabled":false},"version":2}},"categories":[84],"tags":[149,150,123,148,121,120,145],"class_list":["post-455","post","type-post","status-publish","format-standard","hentry","category-der-jahreskreis","tag-ahnen","tag-alter","tag-samhain","tag-schatten","tag-sterben","tag-tod","tag-weltenschleier"],"jetpack_publicize_connections":[],"jetpack_featured_media_url":"","jetpack_sharing_enabled":true,"jetpack_shortlink":"https:\/\/wp.me\/p55jil-7l","jetpack_likes_enabled":true,"jetpack-related-posts":[{"id":477,"url":"https:\/\/www.panpagan.com\/forum_neu\/ppwp\/editorial-09-11-2014-2\/","url_meta":{"origin":455,"position":0},"title":"Editorial &#8211; 09.11.2014","author":"Redaktion","date":"9. November 2014","format":false,"excerpt":"\u00a0 Die dunkle Jahreszeit ist angebrochen. Die Tage sind jetzt schon merklich k\u00fcrzer und auch die Temperaturen sinken in der Nacht schon auf etwas knusprigere Temperaturen. Zwar friert es noch nicht, aber vermutlich wird der erste Frost auch nicht mehr allzu lange auf sich warten lassen. Die Samhain-Feuer, so welche\u2026","rel":"","context":"In &quot;Editorials&quot;","block_context":{"text":"Editorials","link":"https:\/\/www.panpagan.com\/forum_neu\/ppwp\/category\/editorials\/"},"img":{"alt_text":"\u00a9 Siat","src":"https:\/\/i0.wp.com\/www.panpagan.com\/forum_neu\/ppwp\/wp-content\/uploads\/2014\/11\/Scheideweg-255x300.jpg?resize=350%2C200&ssl=1","width":350,"height":200},"classes":[]},{"id":376,"url":"https:\/\/www.panpagan.com\/forum_neu\/ppwp\/der-verdraengte-tod-2\/","url_meta":{"origin":455,"position":1},"title":"Der verdr\u00e4ngte Tod","author":"Siat","date":"19. Oktober 2014","format":false,"excerpt":"Ein paar lose Gedanken zum Umgang mit Sterben und Tod Samhain, das Fest zu Ehren der Verstorbenen steht unmittelbar vor der T\u00fcr. Die Schleier zwischen den Welten lichtet sich und es wird leichter sowohl f\u00fcr uns als auch f\u00fcr die, die vor uns gegangen sind, die Grenzen zwischen den Welten\u2026","rel":"","context":"In &quot;Allgemein&quot;","block_context":{"text":"Allgemein","link":"https:\/\/www.panpagan.com\/forum_neu\/ppwp\/category\/allgemein\/"},"img":{"alt_text":"","src":"https:\/\/i0.wp.com\/www.panpagan.com\/forum_neu\/ppwp\/wp-content\/uploads\/2014\/10\/Samhain_Urnenhain_zu_AllerseelenWikipedia.jpg?resize=350%2C200&ssl=1","width":350,"height":200,"srcset":"https:\/\/i0.wp.com\/www.panpagan.com\/forum_neu\/ppwp\/wp-content\/uploads\/2014\/10\/Samhain_Urnenhain_zu_AllerseelenWikipedia.jpg?resize=350%2C200&ssl=1 1x, https:\/\/i0.wp.com\/www.panpagan.com\/forum_neu\/ppwp\/wp-content\/uploads\/2014\/10\/Samhain_Urnenhain_zu_AllerseelenWikipedia.jpg?resize=525%2C300&ssl=1 1.5x, https:\/\/i0.wp.com\/www.panpagan.com\/forum_neu\/ppwp\/wp-content\/uploads\/2014\/10\/Samhain_Urnenhain_zu_AllerseelenWikipedia.jpg?resize=700%2C400&ssl=1 2x"},"classes":[]},{"id":902,"url":"https:\/\/www.panpagan.com\/forum_neu\/ppwp\/26-07-15-editorial\/","url_meta":{"origin":455,"position":2},"title":"26.07.15-Editorial","author":"Redaktion","date":"26. Juli 2015","format":false,"excerpt":"\u00a0 \u00a0 Hallo zusammen, Lughnassadh, bzw. Lammas steht vor unserer T\u00fcr. Die ersten Ernten wurden und werden eingebracht und wir sehen das Korn in voller Reife. F\u00fcr einige ist Lammas das erste Erntefest von dreien, an dessen Ende Samhain und damit auch das Ende des heidnischen Jahreskreises steht. Wir sp\u00fcren\u2026","rel":"","context":"In &quot;Editorials&quot;","block_context":{"text":"Editorials","link":"https:\/\/www.panpagan.com\/forum_neu\/ppwp\/category\/editorials\/"},"img":{"alt_text":"","src":"https:\/\/i0.wp.com\/www.panpagan.com\/forum_neu\/ppwp\/wp-content\/uploads\/2015\/07\/A_Contemporary_Goddess_of_the_corn_._Corn_MotherWikimedia.jpg?resize=350%2C200&ssl=1","width":350,"height":200,"srcset":"https:\/\/i0.wp.com\/www.panpagan.com\/forum_neu\/ppwp\/wp-content\/uploads\/2015\/07\/A_Contemporary_Goddess_of_the_corn_._Corn_MotherWikimedia.jpg?resize=350%2C200&ssl=1 1x, https:\/\/i0.wp.com\/www.panpagan.com\/forum_neu\/ppwp\/wp-content\/uploads\/2015\/07\/A_Contemporary_Goddess_of_the_corn_._Corn_MotherWikimedia.jpg?resize=525%2C300&ssl=1 1.5x, https:\/\/i0.wp.com\/www.panpagan.com\/forum_neu\/ppwp\/wp-content\/uploads\/2015\/07\/A_Contemporary_Goddess_of_the_corn_._Corn_MotherWikimedia.jpg?resize=700%2C400&ssl=1 2x"},"classes":[]},{"id":425,"url":"https:\/\/www.panpagan.com\/forum_neu\/ppwp\/26-10-14-editorial\/","url_meta":{"origin":455,"position":3},"title":"26.10.14 &#8211; Editorial","author":"Siat","date":"26. Oktober 2014","format":false,"excerpt":"\u00a0 Hallo zusammen, langsam scheint uns der Winter einzuholen. Die Tage sind etwas k\u00fchler geworden und auch die heutige Umstellung der Zeit auf die Winterzeit erinnert uns daran, dass der Winter langsam aber sicher vor der T\u00fcr steht. Doch auch ohne die Umstellung der Uhr ist feststellbar, dass die Tage\u2026","rel":"","context":"In &quot;Editorials&quot;","block_context":{"text":"Editorials","link":"https:\/\/www.panpagan.com\/forum_neu\/ppwp\/category\/editorials\/"},"img":{"alt_text":"","src":"https:\/\/i0.wp.com\/www.panpagan.com\/forum_neu\/ppwp\/wp-content\/uploads\/2014\/10\/Samhain.jpg?resize=350%2C200&ssl=1","width":350,"height":200,"srcset":"https:\/\/i0.wp.com\/www.panpagan.com\/forum_neu\/ppwp\/wp-content\/uploads\/2014\/10\/Samhain.jpg?resize=350%2C200&ssl=1 1x, https:\/\/i0.wp.com\/www.panpagan.com\/forum_neu\/ppwp\/wp-content\/uploads\/2014\/10\/Samhain.jpg?resize=525%2C300&ssl=1 1.5x"},"classes":[]},{"id":553,"url":"https:\/\/www.panpagan.com\/forum_neu\/ppwp\/gedanken-zum-julfest-von-solveig\/","url_meta":{"origin":455,"position":4},"title":"Gedanken zum Julfest von Solveig","author":"Redaktion","date":"28. Dezember 2014","format":false,"excerpt":"Zu Jul erf\u00e4hrt die dunkle Jahreszeit ihren H\u00f6hepunkt. Im Norden geht in diesen Tagen die Sonne nicht auf. Es ist der Zeitpunkt gr\u00f6\u00dftm\u00f6glicher Dunkelheit: der k\u00fcrzeste Tag und die l\u00e4ngste Nacht des Jahres. Die Wochen zwischen Samhain und Jul sind eine Zeit des R\u00fcckzugs und der Besinnlichkeit. Innere Einkehr, gem\u00fctliche\u2026","rel":"","context":"In &quot;Der Jahreskreis&quot;","block_context":{"text":"Der Jahreskreis","link":"https:\/\/www.panpagan.com\/forum_neu\/ppwp\/category\/tempel-und-hain\/feste-und-feiern\/der-jahreskreis\/"},"img":{"alt_text":"","src":"","width":0,"height":0},"classes":[]},{"id":462,"url":"https:\/\/www.panpagan.com\/forum_neu\/ppwp\/moeglichkeiten-und-unmoeglichkeiten-von-wahrsagerei-2\/","url_meta":{"origin":455,"position":5},"title":"M\u00f6glichkeiten und Unm\u00f6glichkeiten von Wahrsagerei","author":"Siat","date":"9. November 2014","format":false,"excerpt":"Samhain oder die Zeit um Samhain ist der Zeitpunkt, an dem viele Heiden traditionell ein Orakel befragen, um einen Blick dahin zu werfen was der neue Zyklus f\u00fcr sie bereithalten k\u00f6nnte. Tarot-Karten, Tierorakel, Erzengelorakel, Ogham, Runen, Feuerschau... F\u00fcr diejenigen, die einen Blick in die Zukunft werfen m\u00f6chten, gibt es ein\u2026","rel":"","context":"In &quot;Am Rand des magischen Kreises&quot;","block_context":{"text":"Am Rand des magischen Kreises","link":"https:\/\/www.panpagan.com\/forum_neu\/ppwp\/category\/zwischen-den-welten\/am-rand-des-magischen-kreises\/"},"img":{"alt_text":"","src":"https:\/\/i0.wp.com\/www.panpagan.com\/forum_neu\/ppwp\/wp-content\/uploads\/2014\/11\/Tarot_Cards_and_Shark_Skin_Box.jpg?resize=350%2C200&ssl=1","width":350,"height":200,"srcset":"https:\/\/i0.wp.com\/www.panpagan.com\/forum_neu\/ppwp\/wp-content\/uploads\/2014\/11\/Tarot_Cards_and_Shark_Skin_Box.jpg?resize=350%2C200&ssl=1 1x, https:\/\/i0.wp.com\/www.panpagan.com\/forum_neu\/ppwp\/wp-content\/uploads\/2014\/11\/Tarot_Cards_and_Shark_Skin_Box.jpg?resize=525%2C300&ssl=1 1.5x, https:\/\/i0.wp.com\/www.panpagan.com\/forum_neu\/ppwp\/wp-content\/uploads\/2014\/11\/Tarot_Cards_and_Shark_Skin_Box.jpg?resize=700%2C400&ssl=1 2x, https:\/\/i0.wp.com\/www.panpagan.com\/forum_neu\/ppwp\/wp-content\/uploads\/2014\/11\/Tarot_Cards_and_Shark_Skin_Box.jpg?resize=1050%2C600&ssl=1 3x, https:\/\/i0.wp.com\/www.panpagan.com\/forum_neu\/ppwp\/wp-content\/uploads\/2014\/11\/Tarot_Cards_and_Shark_Skin_Box.jpg?resize=1400%2C800&ssl=1 4x"},"classes":[]}],"_links":{"self":[{"href":"https:\/\/www.panpagan.com\/forum_neu\/ppwp\/wp-json\/wp\/v2\/posts\/455","targetHints":{"allow":["GET"]}}],"collection":[{"href":"https:\/\/www.panpagan.com\/forum_neu\/ppwp\/wp-json\/wp\/v2\/posts"}],"about":[{"href":"https:\/\/www.panpagan.com\/forum_neu\/ppwp\/wp-json\/wp\/v2\/types\/post"}],"author":[{"embeddable":true,"href":"https:\/\/www.panpagan.com\/forum_neu\/ppwp\/wp-json\/wp\/v2\/users\/7"}],"replies":[{"embeddable":true,"href":"https:\/\/www.panpagan.com\/forum_neu\/ppwp\/wp-json\/wp\/v2\/comments?post=455"}],"version-history":[{"count":2,"href":"https:\/\/www.panpagan.com\/forum_neu\/ppwp\/wp-json\/wp\/v2\/posts\/455\/revisions"}],"predecessor-version":[{"id":484,"href":"https:\/\/www.panpagan.com\/forum_neu\/ppwp\/wp-json\/wp\/v2\/posts\/455\/revisions\/484"}],"wp:attachment":[{"href":"https:\/\/www.panpagan.com\/forum_neu\/ppwp\/wp-json\/wp\/v2\/media?parent=455"}],"wp:term":[{"taxonomy":"category","embeddable":true,"href":"https:\/\/www.panpagan.com\/forum_neu\/ppwp\/wp-json\/wp\/v2\/categories?post=455"},{"taxonomy":"post_tag","embeddable":true,"href":"https:\/\/www.panpagan.com\/forum_neu\/ppwp\/wp-json\/wp\/v2\/tags?post=455"}],"curies":[{"name":"wp","href":"https:\/\/api.w.org\/{rel}","templated":true}]}}