{"id":425,"date":"2014-10-26T17:16:04","date_gmt":"2014-10-26T15:16:04","guid":{"rendered":"http:\/\/www.panpagan.com\/forum_neu\/ppwp\/?p=425"},"modified":"2014-10-26T17:29:50","modified_gmt":"2014-10-26T15:29:50","slug":"26-10-14-editorial","status":"publish","type":"post","link":"https:\/\/www.panpagan.com\/forum_neu\/ppwp\/26-10-14-editorial\/","title":{"rendered":"26.10.14 &#8211; Editorial"},"content":{"rendered":"<figure id=\"attachment_426\" aria-describedby=\"caption-attachment-426\" style=\"width: 288px\" class=\"wp-caption aligncenter\"><a href=\"https:\/\/www.panpagan.com\/forum_neu\/ppwp\/wp-content\/uploads\/2014\/10\/Samhain.jpg\"><img loading=\"lazy\" decoding=\"async\" class=\" wp-image-426\" src=\"https:\/\/www.panpagan.com\/forum_neu\/ppwp\/wp-content\/uploads\/2014\/10\/Samhain.jpg\" alt=\"\u00a9 Siat\" width=\"288\" height=\"384\" srcset=\"https:\/\/www.panpagan.com\/forum_neu\/ppwp\/wp-content\/uploads\/2014\/10\/Samhain.jpg 675w, https:\/\/www.panpagan.com\/forum_neu\/ppwp\/wp-content\/uploads\/2014\/10\/Samhain-225x300.jpg 225w\" sizes=\"auto, (max-width: 288px) 100vw, 288px\" \/><\/a><figcaption id=\"caption-attachment-426\" class=\"wp-caption-text\">\u00a9 Siat<\/figcaption><\/figure>\n<p>&nbsp;<\/p>\n<p>Hallo zusammen,<br \/>\nlangsam scheint uns der Winter einzuholen.<br \/>\nDie Tage sind etwas k\u00fchler geworden und auch die heutige Umstellung der Zeit auf die Winterzeit erinnert uns daran, dass der Winter langsam aber sicher vor der T\u00fcr steht.<br \/>\nDoch auch ohne die Umstellung der Uhr ist feststellbar, dass die Tage allm\u00e4hlich merklich k\u00fcrzer werden.<\/p>\n<p>Samhain wirft nun deutlich seine Schatten voraus und viele von uns bereiten sich darauf vor, das Fest zu begehen.<br \/>\nIn diesem Sinne habe ich f\u00fcr das heutige Update ein paar Rezepte f\u00fcr traditionelles <a href=\"https:\/\/www.panpagan.com\/forum_neu\/ppwp\/?p=411\">(Seelen)Geb\u00e4ck<\/a> aus (S\u00fcd)Deutschland, Mexiko und Italien zusammengestellt.<\/p>\n<p>Im zweiten Beitrag findet Ihr dann noch ein bereits etwas \u00e4lteres Gedicht von mir \u00fcber die <a href=\"https:\/\/www.panpagan.com\/forum_neu\/ppwp\/?p=419\">Schnitterin.<\/a><\/p>\n<p>In dem Sinne w\u00fcnsche ich allen ein gesegnetes Samhain-Fest und m\u00f6ge der Segen der G\u00f6ttinnen und G\u00f6tter uns alle durch den neu beginnenden Jahreskreis begleiten.<\/p>\n<p>Liebe Gr\u00fc\u00dfe<br \/>\nSiat<\/p>\n","protected":false},"excerpt":{"rendered":"<p>&nbsp; Hallo zusammen, langsam scheint uns der Winter einzuholen. Die Tage sind etwas k\u00fchler geworden und auch die heutige Umstellung der Zeit auf die Winterzeit erinnert uns daran, dass der Winter langsam aber sicher vor der T\u00fcr steht. Doch auch ohne die Umstellung der Uhr ist feststellbar, dass die Tage allm\u00e4hlich merklich k\u00fcrzer werden. Samhain &hellip; <a href=\"https:\/\/www.panpagan.com\/forum_neu\/ppwp\/26-10-14-editorial\/\" class=\"more-link\"><span class=\"screen-reader-text\">26.10.14 &#8211; Editorial<\/span> weiterlesen <span class=\"meta-nav\">&rarr;<\/span><\/a><\/p>\n","protected":false},"author":2,"featured_media":0,"comment_status":"open","ping_status":"open","sticky":false,"template":"","format":"standard","meta":{"jetpack_post_was_ever_published":false,"_jetpack_newsletter_access":"","_jetpack_dont_email_post_to_subs":false,"_jetpack_newsletter_tier_id":0,"_jetpack_memberships_contains_paywalled_content":false,"_jetpack_memberships_contains_paid_content":false,"footnotes":"","jetpack_publicize_message":"","jetpack_publicize_feature_enabled":true,"jetpack_social_post_already_shared":true,"jetpack_social_options":{"image_generator_settings":{"template":"highway","default_image_id":0,"font":"","enabled":false},"version":2}},"categories":[54],"tags":[],"class_list":["post-425","post","type-post","status-publish","format-standard","hentry","category-editorials"],"jetpack_publicize_connections":[],"jetpack_featured_media_url":"","jetpack_sharing_enabled":true,"jetpack_shortlink":"https:\/\/wp.me\/p55jil-6R","jetpack_likes_enabled":true,"jetpack-related-posts":[{"id":603,"url":"https:\/\/www.panpagan.com\/forum_neu\/ppwp\/editorial-25-01-2015\/","url_meta":{"origin":425,"position":0},"title":"Editorial 25.01.2015","author":"Redaktion","date":"25. Januar 2015","format":false,"excerpt":"Hallo zusammen, heute, ein etwas sp\u00e4tes Editorial ;-) . Januar geht langsam zu Ende und wir n\u00e4hern uns Imbolc. Gestern\u00a0 fiel wieder Schnee, doch heute ist er in den w\u00e4rmenden Strahlen der Sonne schon wieder geschmolzen. Auch wenn wir noch Mitten im Winter stecken, kann man doch sp\u00fcren und beobachten,\u2026","rel":"","context":"In &quot;Editorials&quot;","block_context":{"text":"Editorials","link":"https:\/\/www.panpagan.com\/forum_neu\/ppwp\/category\/editorials\/"},"img":{"alt_text":"","src":"","width":0,"height":0},"classes":[]},{"id":778,"url":"https:\/\/www.panpagan.com\/forum_neu\/ppwp\/29-03-15-editorial\/","url_meta":{"origin":425,"position":1},"title":"29.03.15-Editorial","author":"Redaktion","date":"29. M\u00e4rz 2015","format":false,"excerpt":"Hallo zusammen, nach\u00a0 der n\u00e4chtlichen Umstellung hat uns nun auch die Sommerzeit wieder. Wirklich fr\u00fchlingshaftes hat das Wetter allerdings derzeit nicht. Drau\u00dfen t\u00fcrmen sich die Wolken und es prasseln immer wieder Regenschauer herunter. Doch wie hei\u00dft es so sch\u00f6n? \"April, April. Der macht halt, was er will.\" Und bis der\u2026","rel":"","context":"In &quot;Editorials&quot;","block_context":{"text":"Editorials","link":"https:\/\/www.panpagan.com\/forum_neu\/ppwp\/category\/editorials\/"},"img":{"alt_text":"","src":"","width":0,"height":0},"classes":[]},{"id":902,"url":"https:\/\/www.panpagan.com\/forum_neu\/ppwp\/26-07-15-editorial\/","url_meta":{"origin":425,"position":2},"title":"26.07.15-Editorial","author":"Redaktion","date":"26. Juli 2015","format":false,"excerpt":"\u00a0 \u00a0 Hallo zusammen, Lughnassadh, bzw. Lammas steht vor unserer T\u00fcr. Die ersten Ernten wurden und werden eingebracht und wir sehen das Korn in voller Reife. F\u00fcr einige ist Lammas das erste Erntefest von dreien, an dessen Ende Samhain und damit auch das Ende des heidnischen Jahreskreises steht. Wir sp\u00fcren\u2026","rel":"","context":"In &quot;Editorials&quot;","block_context":{"text":"Editorials","link":"https:\/\/www.panpagan.com\/forum_neu\/ppwp\/category\/editorials\/"},"img":{"alt_text":"","src":"https:\/\/i0.wp.com\/www.panpagan.com\/forum_neu\/ppwp\/wp-content\/uploads\/2015\/07\/A_Contemporary_Goddess_of_the_corn_._Corn_MotherWikimedia.jpg?resize=350%2C200&ssl=1","width":350,"height":200,"srcset":"https:\/\/i0.wp.com\/www.panpagan.com\/forum_neu\/ppwp\/wp-content\/uploads\/2015\/07\/A_Contemporary_Goddess_of_the_corn_._Corn_MotherWikimedia.jpg?resize=350%2C200&ssl=1 1x, https:\/\/i0.wp.com\/www.panpagan.com\/forum_neu\/ppwp\/wp-content\/uploads\/2015\/07\/A_Contemporary_Goddess_of_the_corn_._Corn_MotherWikimedia.jpg?resize=525%2C300&ssl=1 1.5x, https:\/\/i0.wp.com\/www.panpagan.com\/forum_neu\/ppwp\/wp-content\/uploads\/2015\/07\/A_Contemporary_Goddess_of_the_corn_._Corn_MotherWikimedia.jpg?resize=700%2C400&ssl=1 2x"},"classes":[]},{"id":871,"url":"https:\/\/www.panpagan.com\/forum_neu\/ppwp\/litha-fest-des-feuers-fest-des-wassers-von-siat\/","url_meta":{"origin":425,"position":3},"title":"Litha-Fest des Feuers, Fest des Wassers von Siat","author":"Siat","date":"12. Juli 2015","format":false,"excerpt":"Die Sommersonnenwende liegt hinter uns. Doch obwohl die Tage langsam wieder k\u00fcrzer werden, bringen sie doch erst die Hitze des Sommers mit sich. Litha wird von vielen HeidInnen gefeiert als Hoch-Zeit des Jahres. Jubelnd und gl\u00fccklich \u00fcber den Sommer, die Kraft der Sonne und die hei\u00dfen Tage. Wir feiern die\u2026","rel":"","context":"In &quot;Der Jahreskreis&quot;","block_context":{"text":"Der Jahreskreis","link":"https:\/\/www.panpagan.com\/forum_neu\/ppwp\/category\/tempel-und-hain\/feste-und-feiern\/der-jahreskreis\/"},"img":{"alt_text":"","src":"https:\/\/i0.wp.com\/www.panpagan.com\/forum_neu\/ppwp\/wp-content\/uploads\/2015\/07\/WasserFeuer.jpg?resize=350%2C200&ssl=1","width":350,"height":200,"srcset":"https:\/\/i0.wp.com\/www.panpagan.com\/forum_neu\/ppwp\/wp-content\/uploads\/2015\/07\/WasserFeuer.jpg?resize=350%2C200&ssl=1 1x, https:\/\/i0.wp.com\/www.panpagan.com\/forum_neu\/ppwp\/wp-content\/uploads\/2015\/07\/WasserFeuer.jpg?resize=525%2C300&ssl=1 1.5x, https:\/\/i0.wp.com\/www.panpagan.com\/forum_neu\/ppwp\/wp-content\/uploads\/2015\/07\/WasserFeuer.jpg?resize=700%2C400&ssl=1 2x, https:\/\/i0.wp.com\/www.panpagan.com\/forum_neu\/ppwp\/wp-content\/uploads\/2015\/07\/WasserFeuer.jpg?resize=1050%2C600&ssl=1 3x, https:\/\/i0.wp.com\/www.panpagan.com\/forum_neu\/ppwp\/wp-content\/uploads\/2015\/07\/WasserFeuer.jpg?resize=1400%2C800&ssl=1 4x"},"classes":[]},{"id":822,"url":"https:\/\/www.panpagan.com\/forum_neu\/ppwp\/11-05-2015-editorial\/","url_meta":{"origin":425,"position":4},"title":"11.05.2015 &#8211; Editorial","author":"Redaktion","date":"11. Mai 2015","format":false,"excerpt":"Hallo zusammen, die Zeit fliegt nur so vorbei. Kaum haben wir die Fr\u00fchlings-Tag-und Nachtgleiche gefeiert stand nun auch schon Beltaine vor der T\u00fcr, und mit ihm der Beginn des (Fr\u00fch)Sommers. Die Natur breitet die F\u00fclle ihrer Farbenpracht vor uns aus. V\u00f6gel verbreiten ihren wundervollen Gesang, und hier und da, wenn\u2026","rel":"","context":"In &quot;Editorials&quot;","block_context":{"text":"Editorials","link":"https:\/\/www.panpagan.com\/forum_neu\/ppwp\/category\/editorials\/"},"img":{"alt_text":"","src":"https:\/\/i0.wp.com\/www.panpagan.com\/forum_neu\/ppwp\/wp-content\/uploads\/2015\/05\/BeltaneZeit.jpg?resize=350%2C200&ssl=1","width":350,"height":200,"srcset":"https:\/\/i0.wp.com\/www.panpagan.com\/forum_neu\/ppwp\/wp-content\/uploads\/2015\/05\/BeltaneZeit.jpg?resize=350%2C200&ssl=1 1x, https:\/\/i0.wp.com\/www.panpagan.com\/forum_neu\/ppwp\/wp-content\/uploads\/2015\/05\/BeltaneZeit.jpg?resize=525%2C300&ssl=1 1.5x"},"classes":[]},{"id":376,"url":"https:\/\/www.panpagan.com\/forum_neu\/ppwp\/der-verdraengte-tod-2\/","url_meta":{"origin":425,"position":5},"title":"Der verdr\u00e4ngte Tod","author":"Siat","date":"19. Oktober 2014","format":false,"excerpt":"Ein paar lose Gedanken zum Umgang mit Sterben und Tod Samhain, das Fest zu Ehren der Verstorbenen steht unmittelbar vor der T\u00fcr. Die Schleier zwischen den Welten lichtet sich und es wird leichter sowohl f\u00fcr uns als auch f\u00fcr die, die vor uns gegangen sind, die Grenzen zwischen den Welten\u2026","rel":"","context":"In &quot;Allgemein&quot;","block_context":{"text":"Allgemein","link":"https:\/\/www.panpagan.com\/forum_neu\/ppwp\/category\/allgemein\/"},"img":{"alt_text":"","src":"https:\/\/i0.wp.com\/www.panpagan.com\/forum_neu\/ppwp\/wp-content\/uploads\/2014\/10\/Samhain_Urnenhain_zu_AllerseelenWikipedia.jpg?resize=350%2C200&ssl=1","width":350,"height":200,"srcset":"https:\/\/i0.wp.com\/www.panpagan.com\/forum_neu\/ppwp\/wp-content\/uploads\/2014\/10\/Samhain_Urnenhain_zu_AllerseelenWikipedia.jpg?resize=350%2C200&ssl=1 1x, https:\/\/i0.wp.com\/www.panpagan.com\/forum_neu\/ppwp\/wp-content\/uploads\/2014\/10\/Samhain_Urnenhain_zu_AllerseelenWikipedia.jpg?resize=525%2C300&ssl=1 1.5x, https:\/\/i0.wp.com\/www.panpagan.com\/forum_neu\/ppwp\/wp-content\/uploads\/2014\/10\/Samhain_Urnenhain_zu_AllerseelenWikipedia.jpg?resize=700%2C400&ssl=1 2x"},"classes":[]}],"_links":{"self":[{"href":"https:\/\/www.panpagan.com\/forum_neu\/ppwp\/wp-json\/wp\/v2\/posts\/425","targetHints":{"allow":["GET"]}}],"collection":[{"href":"https:\/\/www.panpagan.com\/forum_neu\/ppwp\/wp-json\/wp\/v2\/posts"}],"about":[{"href":"https:\/\/www.panpagan.com\/forum_neu\/ppwp\/wp-json\/wp\/v2\/types\/post"}],"author":[{"embeddable":true,"href":"https:\/\/www.panpagan.com\/forum_neu\/ppwp\/wp-json\/wp\/v2\/users\/2"}],"replies":[{"embeddable":true,"href":"https:\/\/www.panpagan.com\/forum_neu\/ppwp\/wp-json\/wp\/v2\/comments?post=425"}],"version-history":[{"count":6,"href":"https:\/\/www.panpagan.com\/forum_neu\/ppwp\/wp-json\/wp\/v2\/posts\/425\/revisions"}],"predecessor-version":[{"id":440,"href":"https:\/\/www.panpagan.com\/forum_neu\/ppwp\/wp-json\/wp\/v2\/posts\/425\/revisions\/440"}],"wp:attachment":[{"href":"https:\/\/www.panpagan.com\/forum_neu\/ppwp\/wp-json\/wp\/v2\/media?parent=425"}],"wp:term":[{"taxonomy":"category","embeddable":true,"href":"https:\/\/www.panpagan.com\/forum_neu\/ppwp\/wp-json\/wp\/v2\/categories?post=425"},{"taxonomy":"post_tag","embeddable":true,"href":"https:\/\/www.panpagan.com\/forum_neu\/ppwp\/wp-json\/wp\/v2\/tags?post=425"}],"curies":[{"name":"wp","href":"https:\/\/api.w.org\/{rel}","templated":true}]}}