{"id":349,"date":"2014-10-13T14:40:33","date_gmt":"2014-10-13T12:40:33","guid":{"rendered":"http:\/\/www.panpagan.com\/forum_neu\/ppwp\/?p=349"},"modified":"2014-10-13T14:43:54","modified_gmt":"2014-10-13T12:43:54","slug":"13-10-14-editorial","status":"publish","type":"post","link":"https:\/\/www.panpagan.com\/forum_neu\/ppwp\/13-10-14-editorial\/","title":{"rendered":"13.10.14 &#8211; Editorial"},"content":{"rendered":"<figure id=\"attachment_350\" aria-describedby=\"caption-attachment-350\" style=\"width: 900px\" class=\"wp-caption aligncenter\"><a href=\"https:\/\/www.panpagan.com\/forum_neu\/ppwp\/wp-content\/uploads\/2014\/10\/Herbst2014.jpg\"><img loading=\"lazy\" decoding=\"async\" class=\"wp-image-350 size-full\" src=\"https:\/\/www.panpagan.com\/forum_neu\/ppwp\/wp-content\/uploads\/2014\/10\/Herbst2014.jpg\" alt=\"\u00a9 Siat\" width=\"900\" height=\"675\" srcset=\"https:\/\/www.panpagan.com\/forum_neu\/ppwp\/wp-content\/uploads\/2014\/10\/Herbst2014.jpg 900w, https:\/\/www.panpagan.com\/forum_neu\/ppwp\/wp-content\/uploads\/2014\/10\/Herbst2014-300x225.jpg 300w\" sizes=\"auto, (max-width: 900px) 100vw, 900px\" \/><\/a><figcaption id=\"caption-attachment-350\" class=\"wp-caption-text\">\u00a9 Siat<\/figcaption><\/figure>\n<p id=\"maintext\" class=\"gedicht kl\" style=\"text-align: center;\"><em><strong>Der Herbst<\/strong><\/em><br \/>\n<em> Das Gl\u00e4nzen der Natur ist h\u00f6heres Erscheinen,<\/em><br \/>\n<em> Wo sich der Tag mit vielen Freuden endet,<\/em><br \/>\n<em> Es ist das Jahr, das sich mit Pracht vollendet,<\/em><br \/>\n<em> Wo Fr\u00fcchte sich mit frohem Glanz vereinen.<\/em><\/p>\n<p style=\"text-align: center;\"><em> Das Erdenrund ist so geschm\u00fcckt, und<\/em> selten<em> l\u00e4rmet<\/em><br \/>\n<em> Der Schall durchs offne Feld, die Sonne w\u00e4rmet<\/em><br \/>\n<em> Den Tag des Herbstes mild, die Felder stehen<\/em><br \/>\n<em> Als eine Aussicht weit, die L\u00fcfte wehen<\/em><\/p>\n<p style=\"text-align: center;\"><em> Die Zweig&#8216; und \u00c4ste durch mit frohem Rauschen<\/em><br \/>\n<em> Wenn schon mit Leere sich die Felder dann vertauschen,<\/em><br \/>\n<em> Der ganze Sinn des hellen Bildes lebt<\/em><br \/>\n<em> Als wie ein Bild, das goldne Pracht umschwebet.<\/em><\/p>\n<p class=\"autor-beschreibung\" style=\"text-align: center;\"><span style=\"font-size: 10pt;\"><em>Johann Christian Friedrich H\u00f6lderlin <\/em><\/span><br \/>\n<span style=\"font-size: 10pt;\"><em>(1770 &#8211; 1843)<br \/>\n<span style=\"font-size: 8pt;\">Quelle: <a href=\"http:\/\/www.aphorismen.de\/gedicht\/95639\">Aphorismen.de<\/a><\/span><br \/>\n<\/em><\/span><\/p>\n<p class=\"gedicht text\"><a title=\"Klick f\u00fcr Detailanzeige\" href=\"http:\/\/www.aphorismen.de\/gedicht\/70926\">\u00a0<\/a><\/p>\n<p>Hallo zusammen,<br \/>\ndieses stimmungsvolle Herbstgedicht von H\u00f6lderlin beschreibt sehr sch\u00f6n die vergangenen sonnigen Tage hier in Franken.<br \/>\nDoch die noch warmen Tage werden merklich k\u00fcrzer und\u00a0 es ist nicht mehr verleugbar, dass wir auf Samhain zusteuern, dem Ende des alten und gleichzeitig Beginn des neuen Jahreskreises.<br \/>\nDamit kratzt auch schon, noch unmerklich, der Winter an unsere T\u00fcren.<br \/>\nDoch noch ist es ein wenig hin. Unsere Ernten sind noch nicht vollst\u00e4ndig eingebracht,\u00a0 aber trotzdem k\u00f6nnen wir uns an den ersten Fr\u00fcchten erfreuen und sie feiern.<\/p>\n<p>Die beiden heutigen Artikel, die diesmal etwas versp\u00e4tet erscheinen, befassen sich noch mal mit dem hinduistischen Fest Navratri.<br \/>\nDer <a href=\"https:\/\/www.panpagan.com\/forum_neu\/ppwp\/?p=320\">7. Teil <\/a>befasst sich mit dem Durga-Puja, das sich im Herbst mit Navratri \u00fcberschneidet, und im 8. und damit <a href=\"https:\/\/www.panpagan.com\/forum_neu\/ppwp\/?p=333\">letzten Teil <\/a>der Reihe stelle ich Euch eine Auswahl der wichtigsten und bekanntesten Br\u00e4uche Navratris vor.<\/p>\n<p>Ich w\u00fcnsche Euch viel Vergn\u00fcgen beim Lesen.<\/p>\n<p>LG<br \/>\nSiat<\/p>\n","protected":false},"excerpt":{"rendered":"<p>Der Herbst Das Gl\u00e4nzen der Natur ist h\u00f6heres Erscheinen, Wo sich der Tag mit vielen Freuden endet, Es ist das Jahr, das sich mit Pracht vollendet, Wo Fr\u00fcchte sich mit frohem Glanz vereinen. Das Erdenrund ist so geschm\u00fcckt, und selten l\u00e4rmet Der Schall durchs offne Feld, die Sonne w\u00e4rmet Den Tag des Herbstes mild, die &hellip; <a href=\"https:\/\/www.panpagan.com\/forum_neu\/ppwp\/13-10-14-editorial\/\" class=\"more-link\"><span class=\"screen-reader-text\">13.10.14 &#8211; Editorial<\/span> weiterlesen <span class=\"meta-nav\">&rarr;<\/span><\/a><\/p>\n","protected":false},"author":2,"featured_media":0,"comment_status":"open","ping_status":"open","sticky":false,"template":"","format":"standard","meta":{"jetpack_post_was_ever_published":false,"_jetpack_newsletter_access":"","_jetpack_dont_email_post_to_subs":false,"_jetpack_newsletter_tier_id":0,"_jetpack_memberships_contains_paywalled_content":false,"_jetpack_memberships_contains_paid_content":false,"footnotes":"","jetpack_publicize_message":"","jetpack_publicize_feature_enabled":true,"jetpack_social_post_already_shared":true,"jetpack_social_options":{"image_generator_settings":{"template":"highway","default_image_id":0,"font":"","enabled":false},"version":2}},"categories":[54],"tags":[],"class_list":["post-349","post","type-post","status-publish","format-standard","hentry","category-editorials"],"jetpack_publicize_connections":[],"jetpack_featured_media_url":"","jetpack_sharing_enabled":true,"jetpack_shortlink":"https:\/\/wp.me\/p55jil-5D","jetpack_likes_enabled":true,"jetpack-related-posts":[{"id":818,"url":"https:\/\/www.panpagan.com\/forum_neu\/ppwp\/elemente-segnung-fuer-ein-handfasting-ritual-von-solveig\/","url_meta":{"origin":349,"position":0},"title":"Elemente-Segnung f\u00fcr ein Handfasting-Ritual von Solveig","author":"Redaktion","date":"11. Mai 2015","format":false,"excerpt":"Norden - Erde \u201eIch segne euch mit dem Element Erde. Fest verwurzelt im Boden W\u00e4chst der Baum dem Himmel entgegen. M\u00f6ge die Erde euch Halt und Geborgenheit spenden. M\u00f6get ihr fruchtbare Felder vorfinden, auf denen ihr gemeinsam wachsen und gedeihen k\u00f6nnt.\u201c \u00a0 Osten - Luft \u201eIch segne euch mit dem\u2026","rel":"","context":"In &quot;Feste und Feiern&quot;","block_context":{"text":"Feste und Feiern","link":"https:\/\/www.panpagan.com\/forum_neu\/ppwp\/category\/tempel-und-hain\/feste-und-feiern\/"},"img":{"alt_text":"Quelle:wikipeda.de","src":"https:\/\/i0.wp.com\/www.panpagan.com\/forum_neu\/ppwp\/wp-content\/uploads\/2015\/05\/Handfasting-300x236.jpg?resize=350%2C200&ssl=1","width":350,"height":200},"classes":[]},{"id":763,"url":"https:\/\/www.panpagan.com\/forum_neu\/ppwp\/gedanken-zu-ostara-von-solveig\/","url_meta":{"origin":349,"position":1},"title":"Gedanken zu Ostara von Solveig","author":"Redaktion","date":"22. M\u00e4rz 2015","format":false,"excerpt":"Heute begehen wir das Fest der Tag- und Nachtgleiche. Ein \u00c4quinoktium ist lt. Wikipedia der Moment, an dem die Sonne bei ihrer scheinbaren Jahresbewegung auf der Ekliptik den Himmels\u00e4quator \u00fcberschreitet.\u00a0 Die Schnittpunkte von Ekliptik und \u00c4quator werden Fr\u00fchlings- und Herbst- bzw. Widder- und Waagepunkt genannt. Die Tag- und Nachtgleichen sind\u2026","rel":"","context":"In &quot;Der Jahreskreis&quot;","block_context":{"text":"Der Jahreskreis","link":"https:\/\/www.panpagan.com\/forum_neu\/ppwp\/category\/tempel-und-hain\/feste-und-feiern\/der-jahreskreis\/"},"img":{"alt_text":"","src":"https:\/\/i0.wp.com\/www.panpagan.com\/forum_neu\/ppwp\/wp-content\/uploads\/2015\/03\/Eastereggs_ostereier.jpg?resize=350%2C200&ssl=1","width":350,"height":200,"srcset":"https:\/\/i0.wp.com\/www.panpagan.com\/forum_neu\/ppwp\/wp-content\/uploads\/2015\/03\/Eastereggs_ostereier.jpg?resize=350%2C200&ssl=1 1x, https:\/\/i0.wp.com\/www.panpagan.com\/forum_neu\/ppwp\/wp-content\/uploads\/2015\/03\/Eastereggs_ostereier.jpg?resize=525%2C300&ssl=1 1.5x, https:\/\/i0.wp.com\/www.panpagan.com\/forum_neu\/ppwp\/wp-content\/uploads\/2015\/03\/Eastereggs_ostereier.jpg?resize=700%2C400&ssl=1 2x, https:\/\/i0.wp.com\/www.panpagan.com\/forum_neu\/ppwp\/wp-content\/uploads\/2015\/03\/Eastereggs_ostereier.jpg?resize=1050%2C600&ssl=1 3x, https:\/\/i0.wp.com\/www.panpagan.com\/forum_neu\/ppwp\/wp-content\/uploads\/2015\/03\/Eastereggs_ostereier.jpg?resize=1400%2C800&ssl=1 4x"},"classes":[]},{"id":320,"url":"https:\/\/www.panpagan.com\/forum_neu\/ppwp\/navratri-die-neun-heiligen-naechte-der-mutter-teil-7\/","url_meta":{"origin":349,"position":2},"title":"Navratri-Die neun heiligen N\u00e4chte der Mutter (Teil 7)","author":"Siat","date":"13. Oktober 2014","format":false,"excerpt":"Durga-Puja\/Durga Utsav Das im Herbst stattfindende Maha-Navratri \u00fcberschneidet sich mit einem der gr\u00f6\u00dften Feste zu Ehren der g\u00f6ttlichen Mutter des Universums, dem Durga-Puja. Auch wenn das Fest in allen Teilen Indiens gleich gro\u00dfe Relevanz hat und mit gro\u00dfem Pomp und voller Hingabe gefeiert wird, sind es besonders die \u00f6stlichen Bundesl\u00e4nder\u2026","rel":"","context":"In &quot;Der Jahreskreis&quot;","block_context":{"text":"Der Jahreskreis","link":"https:\/\/www.panpagan.com\/forum_neu\/ppwp\/category\/tempel-und-hain\/feste-und-feiern\/der-jahreskreis\/"},"img":{"alt_text":"","src":"https:\/\/i0.wp.com\/www.panpagan.com\/forum_neu\/ppwp\/wp-content\/uploads\/2014\/09\/MahishasuraMardini.jpg?resize=350%2C200&ssl=1","width":350,"height":200,"srcset":"https:\/\/i0.wp.com\/www.panpagan.com\/forum_neu\/ppwp\/wp-content\/uploads\/2014\/09\/MahishasuraMardini.jpg?resize=350%2C200&ssl=1 1x, https:\/\/i0.wp.com\/www.panpagan.com\/forum_neu\/ppwp\/wp-content\/uploads\/2014\/09\/MahishasuraMardini.jpg?resize=525%2C300&ssl=1 1.5x, https:\/\/i0.wp.com\/www.panpagan.com\/forum_neu\/ppwp\/wp-content\/uploads\/2014\/09\/MahishasuraMardini.jpg?resize=700%2C400&ssl=1 2x"},"classes":[]},{"id":1160,"url":"https:\/\/www.panpagan.com\/forum_neu\/ppwp\/neuheidentum-und-rechtsextremismus-von-siat\/","url_meta":{"origin":349,"position":3},"title":"(Neu)Heidentum und Rechtsextremismus von Siat","author":"Siat","date":"29. Januar 2017","format":false,"excerpt":"Hallo zusammen, heute m\u00f6chte ich aus aktuellem Anlass ein paar Gedanken zum Thema (Neu)Heidentum und Rechtsextremismus teilen. Wer bisher nicht mitkommen haben sollte, was der letzten Tage so los gewesen ist, der m\u00f6ge sich den Artikel der Nornirs \u00c6tt \u201eNazi-Druide\u201c \u201eBurgos\u201c alias \u201eHasspredix\u201c und die \u201eHeidenszene\u201c , sowie die Nachrichten\u2026","rel":"","context":"In &quot;Allgemein&quot;","block_context":{"text":"Allgemein","link":"https:\/\/www.panpagan.com\/forum_neu\/ppwp\/category\/allgemein\/"},"img":{"alt_text":"","src":"","width":0,"height":0},"classes":[]},{"id":124,"url":"https:\/\/www.panpagan.com\/forum_neu\/ppwp\/navratri-die-neun-heiligen-naechte-der-mutter-teil-3\/","url_meta":{"origin":349,"position":4},"title":"Navratri-Die neun heiligen N\u00e4chte der Mutter (Teil 3)","author":"Siat","date":"28. September 2014","format":false,"excerpt":"Parvati, Durga, Kali und Adi-Parashakti Wie bereits im 2. Teil der Serie geschrieben ist Navrati den neun Formen Durgas (=Nav(a) durga)\u00a0 gewidmet. Mata Durga und Mata Kali sind sehr vielschichtige G\u00f6ttin, die als Manifestationen Satis\/Parvatis, Shivas geliebte Gef\u00e4hrtin und \"Gattin\" gesehen und verehrt wird. Parvati ist Parashakti, die uranf\u00e4ngliche Quelle\u2026","rel":"","context":"In &quot;Die G\u00f6ttlichen&quot;","block_context":{"text":"Die G\u00f6ttlichen","link":"https:\/\/www.panpagan.com\/forum_neu\/ppwp\/category\/tempel-und-hain\/die-goettlichen\/"},"img":{"alt_text":"","src":"https:\/\/i0.wp.com\/www.panpagan.com\/forum_neu\/ppwp\/wp-content\/uploads\/2014\/09\/Navdurga2.jpg?resize=350%2C200&ssl=1","width":350,"height":200,"srcset":"https:\/\/i0.wp.com\/www.panpagan.com\/forum_neu\/ppwp\/wp-content\/uploads\/2014\/09\/Navdurga2.jpg?resize=350%2C200&ssl=1 1x, https:\/\/i0.wp.com\/www.panpagan.com\/forum_neu\/ppwp\/wp-content\/uploads\/2014\/09\/Navdurga2.jpg?resize=525%2C300&ssl=1 1.5x, https:\/\/i0.wp.com\/www.panpagan.com\/forum_neu\/ppwp\/wp-content\/uploads\/2014\/09\/Navdurga2.jpg?resize=700%2C400&ssl=1 2x, https:\/\/i0.wp.com\/www.panpagan.com\/forum_neu\/ppwp\/wp-content\/uploads\/2014\/09\/Navdurga2.jpg?resize=1050%2C600&ssl=1 3x, https:\/\/i0.wp.com\/www.panpagan.com\/forum_neu\/ppwp\/wp-content\/uploads\/2014\/09\/Navdurga2.jpg?resize=1400%2C800&ssl=1 4x"},"classes":[]},{"id":1154,"url":"https:\/\/www.panpagan.com\/forum_neu\/ppwp\/brighid-goettin-der-drei-feuer-von-ishtar\/","url_meta":{"origin":349,"position":5},"title":"Brighid-G\u00f6ttin der drei Feuer von Ishtar","author":"Redaktion","date":"29. Januar 2017","format":false,"excerpt":"Die keltische G\u00f6ttin Brighid geh\u00f6rt vielleicht zu den \u00e4ltesten G\u00f6ttinnen Europas, die (teilweise zwar unter christlichem Mantel) ungebrochen bis heute verehrt wurde. Viele ihrer Wurzeln greifen zur\u00fcck auf die Mythologie der Steinzeit und Eisenzeit. Sie wurde unter vielen Namen bekannt und ihre Verehrung findet sich nicht nur Irland und Nordengland,\u2026","rel":"","context":"In &quot;Der Jahreskreis&quot;","block_context":{"text":"Der Jahreskreis","link":"https:\/\/www.panpagan.com\/forum_neu\/ppwp\/category\/tempel-und-hain\/feste-und-feiern\/der-jahreskreis\/"},"img":{"alt_text":"","src":"https:\/\/i0.wp.com\/www.sternenkreis.de\/images\/naturreligionen\/brighidkreuze.jpg?resize=350%2C200","width":350,"height":200},"classes":[]}],"_links":{"self":[{"href":"https:\/\/www.panpagan.com\/forum_neu\/ppwp\/wp-json\/wp\/v2\/posts\/349","targetHints":{"allow":["GET"]}}],"collection":[{"href":"https:\/\/www.panpagan.com\/forum_neu\/ppwp\/wp-json\/wp\/v2\/posts"}],"about":[{"href":"https:\/\/www.panpagan.com\/forum_neu\/ppwp\/wp-json\/wp\/v2\/types\/post"}],"author":[{"embeddable":true,"href":"https:\/\/www.panpagan.com\/forum_neu\/ppwp\/wp-json\/wp\/v2\/users\/2"}],"replies":[{"embeddable":true,"href":"https:\/\/www.panpagan.com\/forum_neu\/ppwp\/wp-json\/wp\/v2\/comments?post=349"}],"version-history":[{"count":10,"href":"https:\/\/www.panpagan.com\/forum_neu\/ppwp\/wp-json\/wp\/v2\/posts\/349\/revisions"}],"predecessor-version":[{"id":360,"href":"https:\/\/www.panpagan.com\/forum_neu\/ppwp\/wp-json\/wp\/v2\/posts\/349\/revisions\/360"}],"wp:attachment":[{"href":"https:\/\/www.panpagan.com\/forum_neu\/ppwp\/wp-json\/wp\/v2\/media?parent=349"}],"wp:term":[{"taxonomy":"category","embeddable":true,"href":"https:\/\/www.panpagan.com\/forum_neu\/ppwp\/wp-json\/wp\/v2\/categories?post=349"},{"taxonomy":"post_tag","embeddable":true,"href":"https:\/\/www.panpagan.com\/forum_neu\/ppwp\/wp-json\/wp\/v2\/tags?post=349"}],"curies":[{"name":"wp","href":"https:\/\/api.w.org\/{rel}","templated":true}]}}