{"id":1263,"date":"2017-03-05T23:29:30","date_gmt":"2017-03-05T21:29:30","guid":{"rendered":"http:\/\/www.panpagan.com\/forum_neu\/ppwp\/?p=1263"},"modified":"2017-03-05T23:31:57","modified_gmt":"2017-03-05T21:31:57","slug":"editorial-05-maerz-2017","status":"publish","type":"post","link":"https:\/\/www.panpagan.com\/forum_neu\/ppwp\/editorial-05-maerz-2017\/","title":{"rendered":"Editorial-05. M\u00e4rz 2017"},"content":{"rendered":"<blockquote>\n<p style=\"text-align: center;\">Sprie\u00dft, ihr Keimchen, aus den Zweigen,<br \/>\nSprie\u00dft aus Moos, das Gr\u00e4ber deckt!<br \/>\nHoher Hoffnung Bild und Zeugen,<br \/>\nDa\u00df auch wir der Erd\u00b4 entsteigen,<br \/>\nWenn des ew\u00b4gen Fr\u00fchlings Odem<br \/>\nUns zur Auferstehung weckt!<\/p>\n<p style=\"padding-left: 180px;\"><span style=\"font-size: 12px;\">Johann Graudenz von Salis-Seewis<\/span><br \/>\n<span style=\"font-size: 12px;\">&#8222;M\u00e4rzlied&#8220;<\/span><\/p>\n<\/blockquote>\n<p style=\"text-align: left;\">Mit dem Beginn des M\u00e4rzens beginnt f\u00fcr viele der lang ersehnte Fr\u00fchling.<br \/>\nDas Gr\u00fcn beginnt frisch aus dem dunklen Erdreich zu sprie\u00dfen, die Fr\u00fchlingsblumen bedecken in vielfarbigen bunten Tupfen die Wiesen und B\u00e4ume. Der Gesang der V\u00f6gel erf\u00fcllt wieder die Luft.<br \/>\nAuch wir Menschen sp\u00fcren das Steigen unserer Lebensgeister, das uns hinaus in die Welt, in die Natur, das strahlende Licht der Sonne dr\u00e4ngt.<\/p>\n<figure id=\"attachment_1260\" aria-describedby=\"caption-attachment-1260\" style=\"width: 338px\" class=\"wp-caption alignright\"><a href=\"https:\/\/www.panpagan.com\/forum_neu\/ppwp\/wp-content\/uploads\/2017\/03\/Fruehlingserwachen2017.jpg\"><img loading=\"lazy\" decoding=\"async\" class=\" wp-image-1260\" src=\"https:\/\/www.panpagan.com\/forum_neu\/ppwp\/wp-content\/uploads\/2017\/03\/Fruehlingserwachen2017.jpg\" alt=\"\" width=\"338\" height=\"304\" srcset=\"https:\/\/www.panpagan.com\/forum_neu\/ppwp\/wp-content\/uploads\/2017\/03\/Fruehlingserwachen2017.jpg 1000w, https:\/\/www.panpagan.com\/forum_neu\/ppwp\/wp-content\/uploads\/2017\/03\/Fruehlingserwachen2017-300x270.jpg 300w, https:\/\/www.panpagan.com\/forum_neu\/ppwp\/wp-content\/uploads\/2017\/03\/Fruehlingserwachen2017-768x692.jpg 768w\" sizes=\"auto, (max-width: 338px) 100vw, 338px\" \/><\/a><figcaption id=\"caption-attachment-1260\" class=\"wp-caption-text\">\u00a9 Siat<\/figcaption><\/figure>\n<p style=\"text-align: left;\">Wie die Natur langsam aus ihrem Schlaf erwacht, so erwachen auch wir mit mehr Energie und Tatendrang.<br \/>\nEine gute Zeit, um die Projekte anzufangen, f\u00fcr die unsere Ideen im Dunkel des Winters in uns Reifen konnten, und eine wundervolle Zeit, um den Fr\u00fchling mit Freude in unserem Leben willkommen zu hei\u00dfen, und die eisigen Boten des Winters davon zu treiben.<\/p>\n<p style=\"text-align: left;\">Unsere heutige Artikelspende von Tunritha setzt die Artikelreihe zu den Runen fort, und besch\u00e4ftigt sich heute mit Thurisaz, der Rune der Riesen:<br \/>\n<a href=\"https:\/\/www.panpagan.com\/forum_neu\/ppwp\/?p=1259\">THURISAZ: Runen \u2013 Bedeutung und Verwendung von Tunritha<\/a><\/p>\n<p style=\"text-align: left;\">Wir w\u00fcnschen Euch viel Vergn\u00fcgen beim Lesen, und freuen uns auf Eure Anregungen und Kommentare.<\/p>\n<p>LG<br \/>\nSiat<br \/>\nim Namen der Redaktion<\/p>\n","protected":false},"excerpt":{"rendered":"<p>Sprie\u00dft, ihr Keimchen, aus den Zweigen, Sprie\u00dft aus Moos, das Gr\u00e4ber deckt! Hoher Hoffnung Bild und Zeugen, Da\u00df auch wir der Erd\u00b4 entsteigen, Wenn des ew\u00b4gen Fr\u00fchlings Odem Uns zur Auferstehung weckt! Johann Graudenz von Salis-Seewis &#8222;M\u00e4rzlied&#8220; Mit dem Beginn des M\u00e4rzens beginnt f\u00fcr viele der lang ersehnte Fr\u00fchling. Das Gr\u00fcn beginnt frisch aus dem &hellip; <a href=\"https:\/\/www.panpagan.com\/forum_neu\/ppwp\/editorial-05-maerz-2017\/\" class=\"more-link\"><span class=\"screen-reader-text\">Editorial-05. M\u00e4rz 2017<\/span> weiterlesen <span class=\"meta-nav\">&rarr;<\/span><\/a><\/p>\n","protected":false},"author":7,"featured_media":0,"comment_status":"open","ping_status":"open","sticky":false,"template":"","format":"standard","meta":{"jetpack_post_was_ever_published":false,"_jetpack_newsletter_access":"","_jetpack_dont_email_post_to_subs":true,"_jetpack_newsletter_tier_id":0,"_jetpack_memberships_contains_paywalled_content":false,"_jetpack_memberships_contains_paid_content":false,"footnotes":"","jetpack_publicize_message":"","jetpack_publicize_feature_enabled":true,"jetpack_social_post_already_shared":true,"jetpack_social_options":{"image_generator_settings":{"template":"highway","default_image_id":0,"font":"","enabled":false},"version":2}},"categories":[54],"tags":[],"class_list":["post-1263","post","type-post","status-publish","format-standard","hentry","category-editorials"],"jetpack_publicize_connections":[],"jetpack_featured_media_url":"","jetpack_sharing_enabled":true,"jetpack_shortlink":"https:\/\/wp.me\/p55jil-kn","jetpack_likes_enabled":true,"jetpack-related-posts":[{"id":648,"url":"https:\/\/www.panpagan.com\/forum_neu\/ppwp\/08-03-15-editorial\/","url_meta":{"origin":1263,"position":0},"title":"08.03.15 &#8211; Editorial","author":"Redaktion","date":"8. M\u00e4rz 2015","format":false,"excerpt":"Hallo zusammen, das Jahresrad dreht sich immer weiter. Die w\u00e4rmenden Sonnenstrahlen locken hinaus und verleiten dann und wann dazu zu vergessen, dass der Winter noch immer nicht ganz aus den Landen vertreiben ist. Hier steigen die Temperaturen tags\u00fcber mittlerweile auf 13-15\u00b0 C, doch in der Nacht hat uns V\u00e4terchen Frost\u2026","rel":"","context":"In &quot;Editorials&quot;","block_context":{"text":"Editorials","link":"https:\/\/www.panpagan.com\/forum_neu\/ppwp\/category\/editorials\/"},"img":{"alt_text":"","src":"https:\/\/i0.wp.com\/www.panpagan.com\/forum_neu\/ppwp\/wp-content\/uploads\/2015\/03\/WiesengrundBaum_klein.jpg?resize=350%2C200&ssl=1","width":350,"height":200,"srcset":"https:\/\/i0.wp.com\/www.panpagan.com\/forum_neu\/ppwp\/wp-content\/uploads\/2015\/03\/WiesengrundBaum_klein.jpg?resize=350%2C200&ssl=1 1x, https:\/\/i0.wp.com\/www.panpagan.com\/forum_neu\/ppwp\/wp-content\/uploads\/2015\/03\/WiesengrundBaum_klein.jpg?resize=525%2C300&ssl=1 1.5x"},"classes":[]},{"id":631,"url":"https:\/\/www.panpagan.com\/forum_neu\/ppwp\/mantra-chant-affirmation-ein-versuch-der-unterscheidung-teil-4\/","url_meta":{"origin":1263,"position":1},"title":"Mantra, Chant &#038; Affirmation-Ein Versuch der Unterscheidung (Teil 4)","author":"Siat","date":"8. M\u00e4rz 2015","format":false,"excerpt":"Nachdem wir uns im zweiten\u00a0 und dritten Teil dieser Artikelreihe mit den Begriffen des Chants und der Affirmation auseinandergesetzt haben, m\u00f6chte ich mich dem etwas komplexen Thema \"Mantra\" widmen. \u092e\u0928\u094d\u0924\u094d\u0930 Mantra Wortherkunft Der Begriff stammt aus dem Sanskrit, bei der es sich, ganz grob gesagt, um eine alt-indische Sprache handelt,\u2026","rel":"","context":"In &quot;Am Anfang&quot;","block_context":{"text":"Am Anfang","link":"https:\/\/www.panpagan.com\/forum_neu\/ppwp\/category\/tempel-und-hain\/am-anfang\/"},"img":{"alt_text":"","src":"https:\/\/i0.wp.com\/www.panpagan.com\/forum_neu\/ppwp\/wp-content\/uploads\/2014\/11\/LikhitaJapaDurga2.jpg?resize=350%2C200&ssl=1","width":350,"height":200,"srcset":"https:\/\/i0.wp.com\/www.panpagan.com\/forum_neu\/ppwp\/wp-content\/uploads\/2014\/11\/LikhitaJapaDurga2.jpg?resize=350%2C200&ssl=1 1x, https:\/\/i0.wp.com\/www.panpagan.com\/forum_neu\/ppwp\/wp-content\/uploads\/2014\/11\/LikhitaJapaDurga2.jpg?resize=525%2C300&ssl=1 1.5x, https:\/\/i0.wp.com\/www.panpagan.com\/forum_neu\/ppwp\/wp-content\/uploads\/2014\/11\/LikhitaJapaDurga2.jpg?resize=700%2C400&ssl=1 2x"},"classes":[]},{"id":763,"url":"https:\/\/www.panpagan.com\/forum_neu\/ppwp\/gedanken-zu-ostara-von-solveig\/","url_meta":{"origin":1263,"position":2},"title":"Gedanken zu Ostara von Solveig","author":"Redaktion","date":"22. M\u00e4rz 2015","format":false,"excerpt":"Heute begehen wir das Fest der Tag- und Nachtgleiche. Ein \u00c4quinoktium ist lt. Wikipedia der Moment, an dem die Sonne bei ihrer scheinbaren Jahresbewegung auf der Ekliptik den Himmels\u00e4quator \u00fcberschreitet.\u00a0 Die Schnittpunkte von Ekliptik und \u00c4quator werden Fr\u00fchlings- und Herbst- bzw. Widder- und Waagepunkt genannt. Die Tag- und Nachtgleichen sind\u2026","rel":"","context":"In &quot;Der Jahreskreis&quot;","block_context":{"text":"Der Jahreskreis","link":"https:\/\/www.panpagan.com\/forum_neu\/ppwp\/category\/tempel-und-hain\/feste-und-feiern\/der-jahreskreis\/"},"img":{"alt_text":"","src":"https:\/\/i0.wp.com\/www.panpagan.com\/forum_neu\/ppwp\/wp-content\/uploads\/2015\/03\/Eastereggs_ostereier.jpg?resize=350%2C200&ssl=1","width":350,"height":200,"srcset":"https:\/\/i0.wp.com\/www.panpagan.com\/forum_neu\/ppwp\/wp-content\/uploads\/2015\/03\/Eastereggs_ostereier.jpg?resize=350%2C200&ssl=1 1x, https:\/\/i0.wp.com\/www.panpagan.com\/forum_neu\/ppwp\/wp-content\/uploads\/2015\/03\/Eastereggs_ostereier.jpg?resize=525%2C300&ssl=1 1.5x, https:\/\/i0.wp.com\/www.panpagan.com\/forum_neu\/ppwp\/wp-content\/uploads\/2015\/03\/Eastereggs_ostereier.jpg?resize=700%2C400&ssl=1 2x, https:\/\/i0.wp.com\/www.panpagan.com\/forum_neu\/ppwp\/wp-content\/uploads\/2015\/03\/Eastereggs_ostereier.jpg?resize=1050%2C600&ssl=1 3x, https:\/\/i0.wp.com\/www.panpagan.com\/forum_neu\/ppwp\/wp-content\/uploads\/2015\/03\/Eastereggs_ostereier.jpg?resize=1400%2C800&ssl=1 4x"},"classes":[]},{"id":49,"url":"https:\/\/www.panpagan.com\/forum_neu\/ppwp\/was-steckt-hinter-dem-namen-panpagan\/","url_meta":{"origin":1263,"position":3},"title":"Was steckt hinter dem Namen PanPagan?","author":"PanPagan-Team","date":"20. September 2014","format":false,"excerpt":"2007 entstand das PanPagan in einer Nacht- und Nebelaktion, als der Admin unseres Mutterforums Paganforum.de f\u00fcr uns alle v\u00f6llig unerwartet die Tore des Forum schloss. Es waren damals bedauerlicher Weise einige sehr unsch\u00f6ne Dinge reichlich aus dem Ruder gelaufen, die dazu f\u00fchrten, dass er einfach die Nase voll hatte.-Verst\u00e4ndlich... Ich\u2026","rel":"","context":"In &quot;PanPagan-Forum&quot;","block_context":{"text":"PanPagan-Forum","link":"https:\/\/www.panpagan.com\/forum_neu\/ppwp\/category\/panpagan-forum\/"},"img":{"alt_text":"","src":"","width":0,"height":0},"classes":[]},{"id":1297,"url":"https:\/\/www.panpagan.com\/forum_neu\/ppwp\/eindruecke-von-unserem-litha-ritual\/","url_meta":{"origin":1263,"position":4},"title":"Eindr\u00fccke von unserem Litha-Ritual","author":"Siat","date":"10. Juli 2017","format":false,"excerpt":"Es war ein wunderbares Fest. Auch wenn die Temperaturen etwas zu w\u00fcnschen \u00fcbrig lie\u00dfen (die Schafsk\u00e4lte war noch nicht vor\u00fcber), so verbrachten wir doch ein wundervolles Wochenende und einen tollen Ritual-Tag. Aus terminlichen Gr\u00fcnden hatten wir unsere Feier auf den Sonnabend vor der eigentlichen Sonnenwende gelegt. Ich wagte dieses Mal\u2026","rel":"","context":"In &quot;Der Jahreskreis&quot;","block_context":{"text":"Der Jahreskreis","link":"https:\/\/www.panpagan.com\/forum_neu\/ppwp\/category\/tempel-und-hain\/feste-und-feiern\/der-jahreskreis\/"},"img":{"alt_text":"","src":"https:\/\/i0.wp.com\/www.panpagan.com\/forum_neu\/ppwp\/wp-content\/uploads\/2017\/07\/Litha2017_Mittag1.jpg?resize=350%2C200&ssl=1","width":350,"height":200,"srcset":"https:\/\/i0.wp.com\/www.panpagan.com\/forum_neu\/ppwp\/wp-content\/uploads\/2017\/07\/Litha2017_Mittag1.jpg?resize=350%2C200&ssl=1 1x, https:\/\/i0.wp.com\/www.panpagan.com\/forum_neu\/ppwp\/wp-content\/uploads\/2017\/07\/Litha2017_Mittag1.jpg?resize=525%2C300&ssl=1 1.5x, https:\/\/i0.wp.com\/www.panpagan.com\/forum_neu\/ppwp\/wp-content\/uploads\/2017\/07\/Litha2017_Mittag1.jpg?resize=700%2C400&ssl=1 2x"},"classes":[]},{"id":925,"url":"https:\/\/www.panpagan.com\/forum_neu\/ppwp\/02-08-2015-editorial\/","url_meta":{"origin":1263,"position":5},"title":"02. 08. 2015- Editorial","author":"Redaktion","date":"2. August 2015","format":false,"excerpt":"Hallo zusammen, mit dem Erntefest Lughnassadh beginnt die Zeit der Ernte, des Abschiednehmens und des Loslassens. In diesem Jahr wurde es sogar begleitet mit einem \"Blue Moon\", einem zweiten Vollmond innerhalb eines Monats, der von uns alle vier Jahre beobachtet werden kann. Die Hundstage, die hei\u00dfesten Tage des Jahres, die\u2026","rel":"","context":"In &quot;Editorials&quot;","block_context":{"text":"Editorials","link":"https:\/\/www.panpagan.com\/forum_neu\/ppwp\/category\/editorials\/"},"img":{"alt_text":"","src":"https:\/\/i0.wp.com\/www.panpagan.com\/forum_neu\/ppwp\/wp-content\/uploads\/2015\/08\/StrawHandbells_ccWikipedia-e1438551789563.jpg?resize=350%2C200&ssl=1","width":350,"height":200,"srcset":"https:\/\/i0.wp.com\/www.panpagan.com\/forum_neu\/ppwp\/wp-content\/uploads\/2015\/08\/StrawHandbells_ccWikipedia-e1438551789563.jpg?resize=350%2C200&ssl=1 1x, https:\/\/i0.wp.com\/www.panpagan.com\/forum_neu\/ppwp\/wp-content\/uploads\/2015\/08\/StrawHandbells_ccWikipedia-e1438551789563.jpg?resize=525%2C300&ssl=1 1.5x, https:\/\/i0.wp.com\/www.panpagan.com\/forum_neu\/ppwp\/wp-content\/uploads\/2015\/08\/StrawHandbells_ccWikipedia-e1438551789563.jpg?resize=700%2C400&ssl=1 2x"},"classes":[]}],"_links":{"self":[{"href":"https:\/\/www.panpagan.com\/forum_neu\/ppwp\/wp-json\/wp\/v2\/posts\/1263","targetHints":{"allow":["GET"]}}],"collection":[{"href":"https:\/\/www.panpagan.com\/forum_neu\/ppwp\/wp-json\/wp\/v2\/posts"}],"about":[{"href":"https:\/\/www.panpagan.com\/forum_neu\/ppwp\/wp-json\/wp\/v2\/types\/post"}],"author":[{"embeddable":true,"href":"https:\/\/www.panpagan.com\/forum_neu\/ppwp\/wp-json\/wp\/v2\/users\/7"}],"replies":[{"embeddable":true,"href":"https:\/\/www.panpagan.com\/forum_neu\/ppwp\/wp-json\/wp\/v2\/comments?post=1263"}],"version-history":[{"count":4,"href":"https:\/\/www.panpagan.com\/forum_neu\/ppwp\/wp-json\/wp\/v2\/posts\/1263\/revisions"}],"predecessor-version":[{"id":1267,"href":"https:\/\/www.panpagan.com\/forum_neu\/ppwp\/wp-json\/wp\/v2\/posts\/1263\/revisions\/1267"}],"wp:attachment":[{"href":"https:\/\/www.panpagan.com\/forum_neu\/ppwp\/wp-json\/wp\/v2\/media?parent=1263"}],"wp:term":[{"taxonomy":"category","embeddable":true,"href":"https:\/\/www.panpagan.com\/forum_neu\/ppwp\/wp-json\/wp\/v2\/categories?post=1263"},{"taxonomy":"post_tag","embeddable":true,"href":"https:\/\/www.panpagan.com\/forum_neu\/ppwp\/wp-json\/wp\/v2\/tags?post=1263"}],"curies":[{"name":"wp","href":"https:\/\/api.w.org\/{rel}","templated":true}]}}