{"id":1160,"date":"2017-01-29T23:36:36","date_gmt":"2017-01-29T21:36:36","guid":{"rendered":"http:\/\/www.panpagan.com\/forum_neu\/ppwp\/?p=1160"},"modified":"2018-01-17T20:41:16","modified_gmt":"2018-01-17T18:41:16","slug":"neuheidentum-und-rechtsextremismus-von-siat","status":"publish","type":"post","link":"https:\/\/www.panpagan.com\/forum_neu\/ppwp\/neuheidentum-und-rechtsextremismus-von-siat\/","title":{"rendered":"(Neu)Heidentum und Rechtsextremismus von Siat"},"content":{"rendered":"<p>Hallo zusammen,<\/p>\n<p>heute m\u00f6chte ich aus aktuellem Anlass ein paar Gedanken zum Thema (Neu)Heidentum und Rechtsextremismus teilen.<\/p>\n<p>Wer bisher nicht mitkommen haben sollte, was der letzten Tage so los gewesen ist, der m\u00f6ge sich den Artikel der Nornirs \u00c6tt <a href=\"https:\/\/www.panpagan.com\/forum_neu\/ppwp\/?p=1161\">\u201eNazi-Druide\u201c \u201eBurgos\u201c alias \u201eHasspredix\u201c und die \u201eHeidenszene\u201c <\/a> , sowie die Nachrichten <a href=\"http:\/\/www.tagesschau.de\/inland\/razzia-rechtsextreme-103.html\">HIER<\/a>, <a href=\"http:\/\/www.spiegel.de\/panorama\/justiz\/razzia-im-reichsbuerger-milieu-selbsternannter-druide-unter-den-verdaechtigen-a-1131739.html\">HIER<\/a>, <a href=\"http:\/\/www.spiegel.de\/panorama\/justiz\/razzia-im-reichsbuerger-milieu-selbsternannter-druide-unter-den-verdaechtigen-a-1131739.html\">HIER<\/a> und <a href=\"http:\/\/www.br.de\/nachrichten\/razzien-rechtsextremisten-neodruiden-100.html\">HIER<\/a> durchlesen J .<\/p>\n<p>Burghard B. alias \u201eBurgos von Buchonia I.\u201c, der sich als \u201ekeltischer Druide\u201c und \u201eNeffe des Merlin\u201c ausgibt (und laut eigener Aussage eigentlich \u00fcber 2.500 Jahre alt ist), war schon l\u00e4ngere Zeit auf Grund seiner rassistischen, menschenverachtenden, diskriminierenden und zur Gewalt aufrufenden \u00c4u\u00dferungen aufgefallen und bekannt.<br \/>\nSowohl au\u00dferhalb, als auch innerhalb des Internets sind seine Kontakte sehr weitl\u00e4ufig, und gehen sowohl weit in die rechte, aber auch weit in unsere heidnische \u201eSzene\u201c hinein, die sich, bedauerlicher Weise, oft genug noch immer nicht von derlei Gestalten distanzieren, und klare Positionen beziehen.<\/p>\n<p><strong>Nichts Neues unter der Sonne<br \/>\n<\/strong>Dabei ist das \u201eProblem\u201c, das \u201ewir Heiden\u201c mit Nazis und Rechtsextremismus nun faktisch einmal haben, nichts Neues.<br \/>\nAls ich vor gut 15 Jahren die M\u00f6glichkeiten und die Weiten des Internets entdeckte und in den Kontakt mit der heidnischen Szene kam, wurde mir erst mal langsam bewusst, wie \u201ekompliziert\u201c sich das Geflecht \u201e(Neu)Heidentum\u201c und \u201eRechtsextremismus\u201c darstellt.<br \/>\nDurch den Missbrauch, den das Heidentum durch die Nazis vor allem in den 30ger und 40ger Jahren hier in Deutschland massiv ausgesetzt war, und der sich bis in unsere heute Zeit durchzieht, wurde nicht nur dem germanischen, sondern dem Heidentum im Gesamten, ein gro\u00dfer Schaden zugef\u00fcgt, der weder wegdiskutierbar noch un\u00fcbersehbar ist.<\/p>\n<p>Von der Gesinnung her \u00e4u\u00dferst fragw\u00fcrdige Gestalten wie der selbsternannte Nazi-Druide gibt es (bedauerlicher Weise) in unserer, eh schon von bunten Zeitgenossen wimmelnden, \u201eSzene\u201c, gen\u00fcgend.<br \/>\nIch denke da beispielsweise an Geza v. N., dem ich \u201edamals\u201c in verschiedenen Foren (u.a. Wurzelwerk und unserem Mutterforum Paganforum) begegnete (und der, trotz ausgesprochenem Hausverbots immer wieder versucht, sich Mitgliedschaft in unserem Forum zu verschaffen!), und der heute aktiv in der AfD mitmischt, und nat\u00fcrlich auch weiter seine fragw\u00fcrdigen Ansichten in seinen Machwerken (=B\u00fcchern) ver\u00f6ffentlicht.<\/p>\n<p>Das Problem, das \u201ewir\u201c mit rechten, rassistischen und v\u00f6lkischen Ideologien haben, ist also schon etliche Jahr(zehnt)e alt und bekannt.<br \/>\nDas bedauerliche, problematische und \u00e4rgerlicher ist aber, das viele von \u201euns\u201c das gar nicht wirklich als \u201eProblem\u201c wahr(zu)nehmen (scheinen), und\/oder diese ganze \u201eunsch\u00f6ne\u201c Thematik lieber ignorieren und unter den Teppich kehren!<br \/>\nFrei dem Motto:<br \/>\n\u201eWas ich nicht sehe, das gibt es nicht!\u201c \u2013 \u201eWas gehen mich die Probleme anderer (Heiden) an?\u201c<\/p>\n<p><strong>Vom Kuschelkurs und dem Weggucken<br \/>\n<\/strong>Ich gehe v\u00f6llig konform mit Martin M., der in seinem Artikel \u201e\u201cNazi-Druide\u201c \u201eBurgos\u201c alias \u201eHasspredix\u201c und die \u201eHeidenszene\u201c schreibt:<\/p>\n<blockquote><p><span style=\"font-size: 16px;\">\u201eVielleicht noch \u00e4rgerlicher ist andererseits, dass l\u00e4ngst nicht alle auf \u201eunserer\u201c Seite (also Heiden, die keine Nazis sind) klare Position gegen Rechtsextremisten wie \u201eBurgos\u201c beziehen, und damit Nazis und Rassisten leichtfertig die Deutungshoheit \u00fcber das, was die \u00d6ffentlichkeit \u00fcber Heiden zu sehen bekommt, \u00fcberlassen.<\/span><br \/>\n<span style=\"font-size: 16px;\"> Sehr \u00e4rgerlich ist, dass nicht-rassistische Heiden mit dem mutma\u00dflichen Terroristen und schon damals als solchem erkennbaren v\u00f6lkischen Hetzer kuschelten.\u201c<\/span><\/p><\/blockquote>\n<p>Es spiegelt meine Erfahrung und Beobachtung wieder, dass sich heute noch viel zu wenig (Neu) Heiden deutlich gegen Rechtsextremismus, gegen Fremdenhass, gegen Diskriminierung und menschenfeindliche Ideologien abgrenzen.<br \/>\nSich nicht klar zu positionieren ist AUCH eine Positionierung, die denjenigen zu einer \u201eDeutungshoheit\u201c verhilft, die am lautesten br\u00fcllen und dadurch auffallen.<br \/>\nIronischer Weise wird sich dann allerdings dar\u00fcber beschwert, wenn das (Neu)Heidentum gleich Rechtsextremismus dargestellt wird.<\/p>\n<p>Mir begegnet immer wieder die Aussage in heidnischen Kreisen: \u201eMan sollte alle Meinungen anh\u00f6ren. Und die Gelegenheit nutzen, Aufkl\u00e4rung zu betreiben.\u201c<br \/>\nGanz ehrlich? \u2013 Hassreden, Aufruf zu Gewalttaten gegen Andersdenkende und \u2013gl\u00e4ubige, Diskriminierung&#8230;<br \/>\nDas sind meiner Ansicht nach keine Meinungen, sondern Statements, bei denen das Diskutieren so sinnvoll ist, wie das Reden mit einer Mauer!<br \/>\nIch betrachte das als vollkommene Zeit- und Energie-Verschwendung, solchen Menschen, ihren Plattit\u00fcden und Parolen eine Platz zu bieten.<\/p>\n<p>Aber so einfach, wie es klingt, finde ich es trotzdem nicht.<br \/>\nWas die einen oder anderen vielleicht als etwas fragw\u00fcrdig erachten k\u00f6nn(t)en ist, dass ich trotz allem allerdings der Ansicht bin, dass wir Raum f\u00fcr Vorurteile und \u00c4ngste schaffen sollten.<br \/>\nDer Grund ist folgende Beobachtung:<br \/>\nWenn ich an die letzte Zeit zur\u00fcck denke, in der die Pegida und Parteien wie die AfD stark geworden und unglaublichen Zulauf bekommen haben, dann halte ich ein Verhalten, das unsere Politiker und Medien fast durchweg an den Tag gelegt haben, f\u00fcr grundweg falsch:<br \/>\nDie (wenn vielleicht auch z.T. absichtlich gesch\u00fcrten) \u00c4ngste, Vorurteile, Sorgen und Bef\u00fcrchtungen der Bev\u00f6lkerung einfach nur abzutun, und jeden, der sie \u00e4u\u00dfert einfach mal pauschal als rechtsradikal, rassistisch, fremdenfeindlich, oder auch nur \u201edumm\u201c, \u201eungebildet\u201c usw. abzukanzeln, statt sich die Zeit zu nehmen, und den Aufwand (JA! Das ist einer!) zu betreiben, sich <strong><em>ernsthaft<\/em><\/strong> mit den Menschen, und das was sie bewegt, auseinander zu setzen!<\/p>\n<p>Was ich in unserer Politik und in unseren Medien beobachte, ist eine Unwilligkeit, sich mit unbequemen Fragen und Problemen auseinander zu setzen, und schnelle und einfache L\u00f6sungen und Antworten finden zu wollen, und diese zu bevorzugen, statt ehrlich zu sein und dazu zu stehen, das es durchaus Probleme gibt und geben kann, das Dinge ihre Zeit brauchen und es die schnellen Antworten, die vermeintlich \u201ealternative Parteien\u201c anzubieten scheinen, nicht gibt.<\/p>\n<p>Unsere Welt ist komplex!-Und genauso komplex k\u00f6nnen (und m\u00fcssen!) daher auch nur die Antworten sei!<br \/>\nUnd je komplexer etwas ist, desto mehr Zeit ben\u00f6tigt das Ganze.<br \/>\nUnd ich denke, dass es unter anderem dieses \u201enicht ernst Nehmen\u201c, dieses Verlachen und \u201eAbkanzeln\u201c ist, was \u201euns\u201c fr\u00fcher oder sp\u00e4ter einfach um die Ohren fliegen <strong><em>MUSS<\/em><\/strong>!<br \/>\nDie Wahlen, die uns dieses Jahr bevorstehen, werden es vermutlich zeigen.<br \/>\nMenschen, die sich nicht ernst genommen f\u00fchlen, suchen sich jemanden, der ihnen zuh\u00f6rt, der sie unterst\u00fctzt und der ihnen (ggf.) (einfache) L\u00f6sungen bietet.<br \/>\nDas ist ein psychologischer Fakt, den unsere Politik und auch unsere Medien in den letzten Monaten und Jahren schlicht zu ignorieren scheinen, und damit, meines Erachtens, wichtige Chancen verpassen, den Entwicklungen entgegen zu wirken und sie zu beeinflussen.<\/p>\n<p>Weil ich der Meinung bin, das man, wenn man bei den Menschen etwas erreichen m\u00f6chte, diesen auch das Gef\u00fchl geben muss, das man ihnen zuh\u00f6rt und das man sie ernst nimmt, versuche ich in der Tat den sehr schmalen Grat mit unserem Forum zu gehen, rigoros gegen Hass- und Hetzreden, Gewaltverherrlichung und \u2013aufrufen, u.\u00e4. vorzugehen, aber noch soweit \u201eoffen\u201c zu sein, dass noch kritische Auseinandersetzung und Diskussion m\u00f6glich ist.<br \/>\nBedauerlicher Weise scheint auch der Wille zu kritischer Auseinandersetzung und Diskussion in den letzten Monaten und Jahren immer weiter abzunehmen, und einer \u201eFriss (meine Meinung) -oder stirb!\u201c-Mentalit\u00e4t Platz zu machen.<\/p>\n<p>Ich finde Diskurs, Auseinandersetzungen und Diskussionen ein unglaublich wichtiges Mittel, um Aufkl\u00e4rung zu betreiben, und um den derzeitigen Entwicklungen entgegen zu treten.<br \/>\nSich passiv in eine Ecke zu verkriechen, die Augen zu verschlie\u00dfen vor den offensichtlichen Problemen, die wir \u00fcberall in der Gesellschaft haben, und zu hoffen, das alles schon gut ausgehen wird, spielt den \u201eFeinden\u201c von Freiheit, Vielfalt, Demokratie und Rechtsstaat mehr in die H\u00e4nde, als sich den Diskussionen und Problemen zu stellen.<\/p>\n<p><strong>Falsch verstandene Offenheit<br \/>\n<\/strong>Ich bin ein Fan von Offenheit.<br \/>\nDoch offen zu sein f\u00fcr Diskussion, f\u00fcr kritische Auseinandersetzungen mit unserem Staat(sgebilde), mit unserer Politik und unserer Gesellschaft, f\u00fcr Diskurs und (gerne auch hei\u00dfe) Diskussionen bedeutet jedoch lange nicht, dass man keine Grenzen ziehen kann, darf, soll oder gar muss! Im Gegenteil!<br \/>\nOffenheit f\u00fcr solche Dinge bringt die Verantwortung mit sich, ganz klar Position zu beziehen, ganz klare Grenzen zu zeihen und auch \u201eSTOP!-Bis hierher und nicht weiter, Freundchen!\u201c zu sagen.<\/p>\n<p>Ich halte das, was in den letzten Jahren innerhalb des Heidentums oft zu beobachten war und ist, f\u00fcr eine falsch verstandene oder praktizierte Offenheit, weil oft genug eben keine klaren Grenzen gezogen worden sind.<br \/>\nWie z.B. beim Nazi-Druiden \u201eBurgos\u201c, der bei der, von Heiden organisierten, Kundgebung und Versammlung in Fritzlar dabei war, und geduldet wurde.<br \/>\nOder Literatur-Empfehlungen an Suchende und\/oder Interessierte, deren Autoren dem rechten, v\u00f6lkischen und\/oder rassistischen Spektrum zugeneigt sind oder diesem angeh\u00f6ren (z.B. wenn es um Runen geht, die B\u00fccher eines Gezas v.N.).<br \/>\nDas sind Dinge, wo meines Erachtens klare Positionierungen wichtig und notwendig sind.<br \/>\nD.h., dass man bei Demonstrationen, wie in Fritzlar, solche Gestalten wie Burghard B. z.B. des Platzes verweist, oder daf\u00fcr sorgt, das der Hintergrund von Autoren klar dargelegt wird usw. .<\/p>\n<p>Wenn WIR uns nicht klar positionieren, keine ganz klaren Grenzen setzen und klar machen, wer \u201ezu uns\u201c geh\u00f6rt, und wer nicht, \u00fcberlassen wir es Gestalten wie Geza v.N. oder Burghard B. wie wir von Nicht-Heiden wahrgenommen werden.<br \/>\nWer, wenn nicht WIR, hat in der Macht, das Bild des (Neu)Heidentums in Deutschland zu gestalten?<\/p>\n<p><strong>Problematische Berichterstattung<br \/>\n<\/strong>Das Bild des (Neu) Heidentums in Deutschland scheint sich in den letzten Jahren leider nicht wesentlich ge\u00e4ndert zu haben.<br \/>\nH\u00f6rt Normalb\u00fcrger den Begriff \u201eHeide\u201c, wird die Denke meist immer noch automatisch in eine (oder mehrere) der (sehr stark vereinfacht) vier m\u00f6glichen (Haupt-)Richtungen gelenkt:<\/p>\n<ol>\n<li>\u201eAh! Du bist also ungl\u00e4ubig!\u201c<\/li>\n<li>\u201eMit Nazis will ich gar nichts zu tun haben!<\/li>\n<li>\u201eSchau an! Ich auch!<\/li>\n<li>\u201eAha&#8230; Davon hab ich noch nie was geh\u00f6rt.\u201c<\/li>\n<\/ol>\n<p>Was mittlerweile hinzukommt, ist eine \u00e4u\u00dferst fragw\u00fcrdige Differenzierung zwischen \u201eNeuheidentum\/Neopaganismus\u201c (wahlweise auch ein anderes \u201eneo\u201c\/\u201eneu\u201c, wie in den letzten Tagen \u201eNeu\u201c-\/\u201eNeo\u201c-Druide) und \u201eHeidentum\u201c.<br \/>\nWobei sich da leicht getan und argumentiert wird, das \u201eNeu\u201c\/\u201cNeo\u201cheiden diejenige sind, die dem rechten Spektrum zuzurechnen seien, und dagegen die (im Gro\u00dfen und Ganzen \u201eunpolitischen\u201c) Heiden abzugrenzen seien.<\/p>\n<p>Diese, in meinen Augen unhaltbare, Differenzierung halte ich deshalb f\u00fcr problematisch, weil unser heutiges Heidentum nur \u201eneu\u201c (= \u201eneo\u201c) sein <strong><em>KANN.<br \/>\n<\/em><\/strong>Die meisten Neuheiden praktizieren heute ein Heidentum, das unserer heutigen Zeit Rechnung tr\u00e4gt und diesem angepasst ist.<br \/>\nDar\u00fcber hinaus ist es einfach auch ein Fakt, dass die neuheidnischen Pfade, die sich auf vorchristliche Kulte und\/oder Religionen beziehen, in den aller wenigsten F\u00e4llen in einer ununterbrochenen Linie \u00fcberliefert, und uns ihre Worte und Praktiken vollst\u00e4ndig erhalten worden w\u00e4ren!<br \/>\nDh. das was \u201ewir\u201c rekonstruieren k\u00f6nnen, muss auch mit Dingen unserer eigenen Mutma\u00dfungen, Schlussfolgerungen und\/oder Kreativit\u00e4t gef\u00fcllt werden, weil es niemanden gibt, den wir dazu befragen k\u00f6nnen. Aber das bedeutet eben, dass es nicht mehr dem entspricht, was \u201eunsere\u201c Altvorderen praktiziert haben, und somit eine Neusch\u00f6pfung unserer Zeit ist!<br \/>\n<strong><em>Ich<\/em><\/strong> betrachte jeden, der anderes behauptet mit \u00e4u\u00dferster Skepsis, und ich kann nur jeden\/r andere\/n ans Herz legen desgleichen ebenso zu tun!<\/p>\n<p>Davon vollkommen abgesehen muss bei solchen \u00dcberlegungen auch ber\u00fccksichtigt werden, dass es heidnische Ausrichtungen bzw. Wege gibt, die sich erst in den vergangenen Jahren, Jahrzehnten oder Jahrhunderten entwickelt haben, bzw. die erst von (inspirierten) Menschen ins Leben gerufen wurden.<br \/>\nDazu geh\u00f6rt zum Beispiel Wicca oder die gesamte Bandbreite der G\u00f6ttinnenspiritualit\u00e4t.<br \/>\nFakt ist, auch wenn es da Heiden und Heidinnen gibt, die mir da heftig wiedersprechen werden, dass diese Pfade nicht uuuuuuuuuurrurururururalt sind, und bis in die Steinzeit in ganz genau <strong><em>DIESER<\/em><\/strong> Weise zur\u00fcckverfolgbar sind! Sie sind in <strong><em>DIESER<\/em><\/strong> Zeit geboren worden und haben sich in <strong><em>DIESER<\/em><\/strong> Zeit entwickelt.<br \/>\nSie sind faktisch und in wahrsten Sinne des Wortes, <strong><em>neu<\/em><\/strong>!<\/p>\n<p>Im Prinzip bedeutet die Schlussfolgerung, das alles, was sich \u201eNeuheidentum\u201c\/\u201cNeopaganismus\u201c (oder \u00e4hnliches) nennt, sei gleichzusetzen mit Rechtsextremismus, rechten Terror usw., diejenigen in eine Rechte Ecke zu stellen, deren gew\u00e4hlter, spiritueller Pfad erst sich erst in \u201eunserer Zeit\u201c entwickelt hat.<\/p>\n<p>Ich wei\u00df nicht, ob dies Organisationen wie der<a href=\"http:\/\/www.amadeu-antonio-stiftung.de\/\"> Amadeu-Antonio-Stiftung<\/a>, die verantwortlich f\u00fcr die Seite <a href=\"http:\/\/www.netz-gegen-nazis.de\/\">\u201eNetzt gegen Nazis\u201c<\/a> ist, und die derlei fragw\u00fcrdige Definitionen der \u00d6ffentlichkeit zur Verf\u00fcgung stellen, bewusst ist, oder ob sie diese Tatsache einfach nur zu Gunsten eines bequemen Feindbildes ignorieren.<\/p>\n<p>Doch das Problematische an der Berichterstattung ist eben nicht nur das, was durch fragw\u00fcrdige Definitionen aus der Linken Szene kursiert, sondern eben, wie bereits geschrieben, nat\u00fcrlich auch das Bild, was \u201ewir\u201c durch unsere (Nicht)Positionierung in diesen Fragen liefern.<br \/>\nWollen wir das Bild und die \u201eBeurteilung\u201c dessen, wer und was \u201ewir\u201c Heiden sind \u00e4ndern, dann f\u00fchrt kein Weg daran vorbei, AKTIV zu werden, ganz klare Position zu beziehen, und uns auch der \u00d6ffentlichkeit zu stellen, in Diskurs und in die Diskussion zu gehen.<br \/>\nGenauso wichtig ist es aber auch, das wir uns, unseren Umgang mit Nazis, rechtsextremistischen und v\u00f6lkischen Ideologien, Rassismus, Fremdenhass usw. hinterfragen, und in unseren Reihen aufzur\u00e4umen.<\/p>\n<p>Gute Beispiele f\u00fcr klare und konsequente Linien geben da Nornirs \u00c6tt, Celtoi e.V., aber auch der Eldaring e.V. und der VfgH (Verein f\u00fcr germanisches Heidentum), und auch wir werden im PanPagan weiter unsere Linie gegen Rechts, gegen Hass und Gewalt vertreten.<\/p>\n<p>&nbsp;<\/p>\n<p>In diesem Sinne<br \/>\nliebe Gr\u00fc\u00dfe<br \/>\nSiat<\/p>\n","protected":false},"excerpt":{"rendered":"<p>Hallo zusammen, heute m\u00f6chte ich aus aktuellem Anlass ein paar Gedanken zum Thema (Neu)Heidentum und Rechtsextremismus teilen. Wer bisher nicht mitkommen haben sollte, was der letzten Tage so los gewesen ist, der m\u00f6ge sich den Artikel der Nornirs \u00c6tt \u201eNazi-Druide\u201c \u201eBurgos\u201c alias \u201eHasspredix\u201c und die \u201eHeidenszene\u201c , sowie die Nachrichten HIER, HIER, HIER und HIER &hellip; <a href=\"https:\/\/www.panpagan.com\/forum_neu\/ppwp\/neuheidentum-und-rechtsextremismus-von-siat\/\" class=\"more-link\"><span class=\"screen-reader-text\">(Neu)Heidentum und Rechtsextremismus von Siat<\/span> weiterlesen <span class=\"meta-nav\">&rarr;<\/span><\/a><\/p>\n","protected":false},"author":2,"featured_media":0,"comment_status":"open","ping_status":"open","sticky":false,"template":"","format":"standard","meta":{"jetpack_post_was_ever_published":false,"_jetpack_newsletter_access":"","_jetpack_dont_email_post_to_subs":true,"_jetpack_newsletter_tier_id":0,"_jetpack_memberships_contains_paywalled_content":false,"_jetpack_memberships_contains_paid_content":false,"footnotes":"","jetpack_publicize_message":"","jetpack_publicize_feature_enabled":true,"jetpack_social_post_already_shared":true,"jetpack_social_options":{"image_generator_settings":{"template":"highway","default_image_id":0,"font":"","enabled":false},"version":2}},"categories":[1,101,73,102,100,99],"tags":[405,400,381,378,380,391,401,385,187,406,403,186,404,188,402,185,390,389,398],"class_list":["post-1160","post","type-post","status-publish","format-standard","hentry","category-allgemein","category-geschichte-und-rekonstruiertes-heidentum","category-heidnisches-multiversum","category-heute","category-im-spiegel-der-zeit","category-heidnische-lebens-und-denkweise","tag-amadeu-antonio-stiftung","tag-burgos-von-buchonia-i","tag-celtoi","tag-druiden","tag-druidentum","tag-fremdenhass","tag-geza-v-n","tag-hasspredix","tag-heidentum","tag-hetze","tag-nazis","tag-neopaganismus","tag-netz-gegen-nazis","tag-neuheidentum","tag-nornis","tag-paganismus","tag-rechtsextremismus","tag-rechtsradikalismus","tag-rechtsterrorismus"],"jetpack_publicize_connections":[],"jetpack_featured_media_url":"","jetpack_sharing_enabled":true,"jetpack_shortlink":"https:\/\/wp.me\/p55jil-iI","jetpack_likes_enabled":true,"jetpack-related-posts":[{"id":1152,"url":"https:\/\/www.panpagan.com\/forum_neu\/ppwp\/editorial-29-januar-2017\/","url_meta":{"origin":1160,"position":0},"title":"Editorial 29.Januar 2017","author":"Redaktion","date":"29. Januar 2017","format":false,"excerpt":"Hallo zusammen! Ein erfolgreiches Jahr des Feuer-Hahns, und ein gesegnetes Gupta-Navratri! Hier in Franken scheint seit einigen Tagen kr\u00e4ftig die Sonne. Die Temperaturen klettern tags\u00fcber wieder ein wenig \u00fcber die null-Grad-Grenze, doch nachts ist es noch knusprig kalt. Trotzdem ist deutlich, wie sich das Jahresrad zu Imbolc weiter dreht. Da\u2026","rel":"","context":"In &quot;Editorials&quot;","block_context":{"text":"Editorials","link":"https:\/\/www.panpagan.com\/forum_neu\/ppwp\/category\/editorials\/"},"img":{"alt_text":"","src":"https:\/\/i0.wp.com\/www.panpagan.com\/forum_neu\/ppwp\/wp-content\/uploads\/2017\/01\/100_0573.jpg?resize=350%2C200&ssl=1","width":350,"height":200,"srcset":"https:\/\/i0.wp.com\/www.panpagan.com\/forum_neu\/ppwp\/wp-content\/uploads\/2017\/01\/100_0573.jpg?resize=350%2C200&ssl=1 1x, https:\/\/i0.wp.com\/www.panpagan.com\/forum_neu\/ppwp\/wp-content\/uploads\/2017\/01\/100_0573.jpg?resize=525%2C300&ssl=1 1.5x, https:\/\/i0.wp.com\/www.panpagan.com\/forum_neu\/ppwp\/wp-content\/uploads\/2017\/01\/100_0573.jpg?resize=700%2C400&ssl=1 2x, https:\/\/i0.wp.com\/www.panpagan.com\/forum_neu\/ppwp\/wp-content\/uploads\/2017\/01\/100_0573.jpg?resize=1050%2C600&ssl=1 3x, https:\/\/i0.wp.com\/www.panpagan.com\/forum_neu\/ppwp\/wp-content\/uploads\/2017\/01\/100_0573.jpg?resize=1400%2C800&ssl=1 4x"},"classes":[]},{"id":1161,"url":"https:\/\/www.panpagan.com\/forum_neu\/ppwp\/nazi-druide-burgos-alias-hasspredix-und-die-heidenszene-von-martin-m-nornirs-aett\/","url_meta":{"origin":1160,"position":1},"title":"\u201eNazi-Druide\u201c \u201eBurgos\u201c alias \u201eHasspredix\u201c und die \u201eHeidenszene\u201c  von Martin M. (Nornirs \u00c6tt)","author":"Redaktion","date":"29. Januar 2017","format":false,"excerpt":"Der \u201eDruide\u201c und \u201eReichsb\u00fcrger\u201c Burghard B., der sich selbst \u201eBurgos von Buchonia I.\u201c nennt, wirkt in seinem offensichtlich von \u201eAsterix\u201c und Fantasy-Filmen inspirierten \u201eauthentisch keltischen\u201c Druiden-Ornat auf den ersten Blick eher komisch als gef\u00e4hrlich. Selbst dass er sich wie ein Saruman-Imitator auff\u00fchrt und die zu dieser Rolle passenden Machtphantasien zeigt,\u2026","rel":"","context":"In &quot;Allgemein&quot;","block_context":{"text":"Allgemein","link":"https:\/\/www.panpagan.com\/forum_neu\/ppwp\/category\/allgemein\/"},"img":{"alt_text":"","src":"","width":0,"height":0},"classes":[]},{"id":568,"url":"https:\/\/www.panpagan.com\/forum_neu\/ppwp\/mantra-chant-affirmation-ein-versuch-der-unterscheidung-teil-2\/","url_meta":{"origin":1160,"position":2},"title":"Mantra, Chant &#038; Affirmation-Ein Versuch der Unterscheidung (Teil 2)","author":"Siat","date":"4. Januar 2015","format":false,"excerpt":"Im ersten Teil dieser Reihe habe ich eine sehr grobe Gegen\u00fcberstellung der drei Begriffe gemacht, nun m\u00f6chte ich etwas in die Tiefe gehen. Der Chant Wortherkunft: engl.: \"chant\" = \"(feierlicher) Gesang, Kirchenlied, (Lob)Preis, Singsang\" \"to chant\" = \"(ab)singen\", \"(rhthmisch oder im Sprechchor) rufen\". Die ethymologischen Wurzeln vom englischen \"(to) chant\"\u2026","rel":"","context":"In &quot;Am Anfang&quot;","block_context":{"text":"Am Anfang","link":"https:\/\/www.panpagan.com\/forum_neu\/ppwp\/category\/tempel-und-hain\/am-anfang\/"},"img":{"alt_text":"","src":"https:\/\/i0.wp.com\/www.panpagan.com\/forum_neu\/ppwp\/wp-content\/uploads\/2015\/01\/LikhitaJapa.jpg?resize=350%2C200&ssl=1","width":350,"height":200,"srcset":"https:\/\/i0.wp.com\/www.panpagan.com\/forum_neu\/ppwp\/wp-content\/uploads\/2015\/01\/LikhitaJapa.jpg?resize=350%2C200&ssl=1 1x, https:\/\/i0.wp.com\/www.panpagan.com\/forum_neu\/ppwp\/wp-content\/uploads\/2015\/01\/LikhitaJapa.jpg?resize=525%2C300&ssl=1 1.5x, https:\/\/i0.wp.com\/www.panpagan.com\/forum_neu\/ppwp\/wp-content\/uploads\/2015\/01\/LikhitaJapa.jpg?resize=700%2C400&ssl=1 2x"},"classes":[]},{"id":11,"url":"https:\/\/www.panpagan.com\/forum_neu\/ppwp\/willkommen-im-panpagan-blog\/","url_meta":{"origin":1160,"position":3},"title":"Willkommen im PanPagan-Blog","author":"PanPagan-Team","date":"20. September 2014","format":false,"excerpt":"Liebe Leserinnen und Leser, wir begr\u00fc\u00dfen Euch auf dem Blog des PanPagan-Forums. Hier m\u00f6chten wir gerne eine Raum f\u00fcr Informationen, Artikel, Interviews usw. rund um die Themengebiete (Neu)Heidentum, Schamanismus, Hexentum, Esoterik, Jahreszeitfeste, heidnische Kindererziehung usw. usf. bieten. Wenn Ihr hier im Blog gerne selbst einen Artikel ver\u00f6ffentlichen m\u00f6chtet, setzt Euch\u2026","rel":"","context":"In &quot;Allgemein&quot;","block_context":{"text":"Allgemein","link":"https:\/\/www.panpagan.com\/forum_neu\/ppwp\/category\/allgemein\/"},"img":{"alt_text":"","src":"","width":0,"height":0},"classes":[]},{"id":1091,"url":"https:\/\/www.panpagan.com\/forum_neu\/ppwp\/wir-suchen-dich\/","url_meta":{"origin":1160,"position":4},"title":"Wir suchen Dich!","author":"Redaktion","date":"22. Januar 2017","format":false,"excerpt":"Hallo zusammen! F\u00fcr unser Blog suchen wir ArtikelspenderInnen und AutorInnen, die Lust dazu haben, uns mit Beitr\u00e4gen zu unterst\u00fctzen. Unser Themenspektrum umfasst dabei, wie sollte es anders sein alles rund um das Thema (Neu)Heidentum,\u00a0 G\u00f6ttinnenspiritualit\u00e4t, Magie, (vorchristliche) Religionen, Crafting... und alles, was noch dazugeh\u00f6rt. Die Beitr\u00e4ge k\u00f6nnen pers\u00f6nliche Einsichten und\u2026","rel":"","context":"In &quot;Allgemein&quot;","block_context":{"text":"Allgemein","link":"https:\/\/www.panpagan.com\/forum_neu\/ppwp\/category\/allgemein\/"},"img":{"alt_text":"","src":"","width":0,"height":0},"classes":[]},{"id":897,"url":"https:\/\/www.panpagan.com\/forum_neu\/ppwp\/drum-pruefe-wer-sich-ewig-bindet-von-seoras-macthearlaich\/","url_meta":{"origin":1160,"position":5},"title":"Drum pr\u00fcfe wer sich (ewig) bindet&#8230; von Se\u00f2ras MacThe\u00e0rlaich","author":"Redaktion","date":"26. Juli 2015","format":false,"excerpt":"In Deutschland gibt es nicht so viele \u201cechte\u201d Wicca-Covens, deswegen rate ich allen, die sich einem Coven anschlie\u00dfen m\u00f6chten, sich diesen sorgf\u00e4ltig anzusehen und zu pr\u00fcfen, ob es denn wirklich die richtige Gruppe f\u00fcr Dich ist. Leider gibt es immer wieder Leute, die das breite Nichtwissen f\u00fcr ihre eigenen Bed\u00fcrfnisse\u2026","rel":"","context":"In &quot;Kelch und Stab&quot;","block_context":{"text":"Kelch und Stab","link":"https:\/\/www.panpagan.com\/forum_neu\/ppwp\/category\/heidnisches-multiversum\/kelch-und-stab\/"},"img":{"alt_text":"","src":"","width":0,"height":0},"classes":[]}],"_links":{"self":[{"href":"https:\/\/www.panpagan.com\/forum_neu\/ppwp\/wp-json\/wp\/v2\/posts\/1160","targetHints":{"allow":["GET"]}}],"collection":[{"href":"https:\/\/www.panpagan.com\/forum_neu\/ppwp\/wp-json\/wp\/v2\/posts"}],"about":[{"href":"https:\/\/www.panpagan.com\/forum_neu\/ppwp\/wp-json\/wp\/v2\/types\/post"}],"author":[{"embeddable":true,"href":"https:\/\/www.panpagan.com\/forum_neu\/ppwp\/wp-json\/wp\/v2\/users\/2"}],"replies":[{"embeddable":true,"href":"https:\/\/www.panpagan.com\/forum_neu\/ppwp\/wp-json\/wp\/v2\/comments?post=1160"}],"version-history":[{"count":5,"href":"https:\/\/www.panpagan.com\/forum_neu\/ppwp\/wp-json\/wp\/v2\/posts\/1160\/revisions"}],"predecessor-version":[{"id":1325,"href":"https:\/\/www.panpagan.com\/forum_neu\/ppwp\/wp-json\/wp\/v2\/posts\/1160\/revisions\/1325"}],"wp:attachment":[{"href":"https:\/\/www.panpagan.com\/forum_neu\/ppwp\/wp-json\/wp\/v2\/media?parent=1160"}],"wp:term":[{"taxonomy":"category","embeddable":true,"href":"https:\/\/www.panpagan.com\/forum_neu\/ppwp\/wp-json\/wp\/v2\/categories?post=1160"},{"taxonomy":"post_tag","embeddable":true,"href":"https:\/\/www.panpagan.com\/forum_neu\/ppwp\/wp-json\/wp\/v2\/tags?post=1160"}],"curies":[{"name":"wp","href":"https:\/\/api.w.org\/{rel}","templated":true}]}}