{"id":1138,"date":"2017-01-22T22:45:16","date_gmt":"2017-01-22T20:45:16","guid":{"rendered":"http:\/\/www.panpagan.com\/forum_neu\/ppwp\/?p=1138"},"modified":"2017-01-22T22:55:07","modified_gmt":"2017-01-22T20:55:07","slug":"editorial-22-januar-2017","status":"publish","type":"post","link":"https:\/\/www.panpagan.com\/forum_neu\/ppwp\/editorial-22-januar-2017\/","title":{"rendered":"Editorial-22.Januar 2017"},"content":{"rendered":"<p>Hallo zusammen,<\/p>\n<p>10 Jahre PanPagan-Forum!<br \/>\nIst es zu glauben? F\u00fcr uns jedenfalls nicht. Als StarFire und ich am 17.01. 2007 das Forum Holter die Polter aus dem Boden stampften, haben wir gar keinen Gedanken daran verloren, wie sich unser &#8222;Baby&#8220; entwickeln w\u00fcrde.<br \/>\nDie &#8222;Sturm-und-Drang&#8220;-Zeiten scheinen vorbei zu sein. In den letzten Jahren ist es ruhig(er) in unserem Wohnzimmer geworden. Eine Entwicklung, die zumindest ich auf der einen Seite mit einem gewissen Wehmut betrachte.<br \/>\nDazu haben wir uns ein paar &#8222;<a href=\"https:\/\/www.panpagan.com\/forum_neu\/ppwp\/?p=1084\">Kritische Gedanken zum Jubil\u00e4um<\/a>&#8220; gemacht, die wir mit Euch teilen m\u00f6chten.<\/p>\n<p>Wie bereits in unserem letzen Update geschrieben, w\u00e4re ohne die gro\u00dfe Unterst\u00fctzung unserer Mods, vor allen Dingen in den letzten Monaten und Jahren durch unsere liebe Fee, und durch viele Forenmitlieder vieles f\u00fcr uns nicht m\u00f6glich gewesen. Und ja, vielleicht h\u00e4tte es das Pan gar nicht so lange gegeben.<br \/>\nWir m\u00f6chten uns daher bei Euch ganz herzlich bedanken.<br \/>\nF\u00fcr Eure Unterst\u00fctzung, f\u00fcr Eure Beitr\u00e4ge, ja, auch f\u00fcr Eure Geduld und Nachsicht, wenn etwas nicht ganz so klappt, wie vielleicht erwartet.<br \/>\nWir danken Euch f\u00fcr viele interessante Erfahrungen, und die Erweiterung unseres Horizontes.<br \/>\nUnd wir sind unglaublich dankbar f\u00fcr all die Menschen, die wir \u00fcber das Pan kennenlernen durften. F\u00fcr all jene, mit denen uns heute eine tiefe Freundschaft verbindet, und f\u00fcr jene die nur kurz in unserem Leben waren, oder zu denen uns heute eine lockere Freundschaft verbindet.<\/p>\n<p>Wir w\u00fcnschen uns, das wir noch viele wunderbare Menschen in unseren Hallen Willkommen hei\u00dfen und kennenlernen d\u00fcrfen.<br \/>\nWie sich die n\u00e4chsten Jahre generell die Forenwelt entwickeln wird&#8230; L\u00e4sst sich durch die Sozialen Netzwerke wie Facebook relativ schlecht vorhersagen. Der Trend scheint immer mehr von den Foren weg zu gehen. Ich erlebe es in den meisten, dass sich die Aktivit\u00e4ten verlagert haben, was ich pers\u00f6nlich als schade empfinde, da die Diskussionsm\u00f6glichkeiten meinem pers\u00f6nlichen Empfinden nach nicht so angenehm und auch bequem ist, wie in einem Forum (z.B. sind die Beitr\u00e4ge in einer Gruppe einfach un\u00fcbersichtlich).<br \/>\nAber das ist ein anderes Thema.<\/p>\n<p>Nichts desto trotz. Neben unserer Facebook-Seite, haben wir uns dazu entschieden, auch eine Gruppe zu er\u00f6ffnen. Sie ist geschlossen, und neue Mitglieder m\u00fcssen von uns freigeschalten werden.<br \/>\nIhr findet sie <a href=\"https:\/\/www.facebook.com\/groups\/742895889199839\/\">HIER<\/a>.<br \/>\nWer der Gruppe beitreten m\u00f6chte, den bitten wir darum, sich kurz vorzustellen und uns mitzuteilen, warum er beitreten m\u00f6chte.<br \/>\nGgf. werden wir den- oder diejenige dann anschreiben.<\/p>\n<p>Wie bereits angek\u00fcndigt, haben wir uns f\u00fcr das Jubil\u00e4umsjahr etwas ausgedacht. Und zwar werden wir alle zwei Monate ein kleines Dankesch\u00f6n f\u00fcr Euch in einem Thread im Forum anbieten, auf das Ihr Euch dann melden k\u00f6nnt, falls es Euch gef\u00e4llt und Ihr es haben m\u00f6chtet. Was diese sein werden&#8230; Verraten wir Euch nat\u00fcrlich noch nicht, sondern ist im n\u00e4chsten Monat. \ud83d\ude09<\/p>\n<p><strong>Wir suchen&#8230;<\/strong><br \/>\nWir m\u00f6chten Euch wieder herzlich dazu einladen, Euch an unserem Blog zu beteiligen!<br \/>\nSeien es einmalige Artikelspenden zu einem Thema, das Euch besch\u00e4ftigt, oder kreative Dinge, die Ihr gern zeigen m\u00f6chet. Alles ist uns gern Willkommen.<br \/>\nNeben Artikelspenden suchen wir auch noch RubrikenbetreuerInnen, die Lust dazu haben, sich um bestimmte Bereiche des Blogs zu k\u00fcmmern \ud83d\ude42<br \/>\nMehr Infos dazu findet Ihr <a href=\"https:\/\/www.panpagan.com\/forum_neu\/ppwp\/?p=1091\">HIER<\/a>.<\/p>\n<p><strong>Autoren-Vorstellung<\/strong><br \/>\nManche Dinge werden erst etwas sp\u00e4ter realisiert.<br \/>\nF\u00fcr das Blog haben wir jetzt auch eine Seite eingerichtet, auf der Ihr kurze Vorstellungen der jeweiligen Autoren findet. <a href=\"https:\/\/www.panpagan.com\/forum_neu\/ppwp\/?page_id=1098\">KLICK<\/a><\/p>\n<p><strong>Zu guter Letzt<\/strong><br \/>\nFreue ich mich dar\u00fcber, Euch heute noch einen Artikel von Tunritha vorstellen zu k\u00f6nnen. Das Thema <a href=\"https:\/\/www.panpagan.com\/forum_neu\/ppwp\/?p=1141\">&#8222;Runen k\u00f6rperlich erfahren-Die Praxis des Runenstellens<\/a>&#8222;.<\/p>\n<p>Wir w\u00fcnschen Euch viel Spa\u00df beim Lesen!<\/p>\n<p>Liebe Gr\u00fc\u00dfe<br \/>\nvon Euren Admins<br \/>\nSiat und StarFire<\/p>\n","protected":false},"excerpt":{"rendered":"<p>Hallo zusammen, 10 Jahre PanPagan-Forum! Ist es zu glauben? F\u00fcr uns jedenfalls nicht. Als StarFire und ich am 17.01. 2007 das Forum Holter die Polter aus dem Boden stampften, haben wir gar keinen Gedanken daran verloren, wie sich unser &#8222;Baby&#8220; entwickeln w\u00fcrde. Die &#8222;Sturm-und-Drang&#8220;-Zeiten scheinen vorbei zu sein. In den letzten Jahren ist es ruhig(er) &hellip; <a href=\"https:\/\/www.panpagan.com\/forum_neu\/ppwp\/editorial-22-januar-2017\/\" class=\"more-link\"><span class=\"screen-reader-text\">Editorial-22.Januar 2017<\/span> weiterlesen <span class=\"meta-nav\">&rarr;<\/span><\/a><\/p>\n","protected":false},"author":2,"featured_media":1068,"comment_status":"open","ping_status":"open","sticky":false,"template":"","format":"standard","meta":{"jetpack_post_was_ever_published":false,"_jetpack_newsletter_access":"","_jetpack_dont_email_post_to_subs":true,"_jetpack_newsletter_tier_id":0,"_jetpack_memberships_contains_paywalled_content":false,"_jetpack_memberships_contains_paid_content":false,"footnotes":"","jetpack_publicize_message":"","jetpack_publicize_feature_enabled":true,"jetpack_social_post_already_shared":true,"jetpack_social_options":{"image_generator_settings":{"template":"highway","default_image_id":0,"font":"","enabled":false},"version":2}},"categories":[54],"tags":[],"class_list":["post-1138","post","type-post","status-publish","format-standard","has-post-thumbnail","hentry","category-editorials"],"jetpack_publicize_connections":[],"jetpack_featured_media_url":"https:\/\/www.panpagan.com\/forum_neu\/ppwp\/wp-content\/uploads\/2017\/01\/Schneespaziergang_Jan17_9.jpg","jetpack_sharing_enabled":true,"jetpack_shortlink":"https:\/\/wp.me\/p55jil-im","jetpack_likes_enabled":true,"jetpack-related-posts":[{"id":1084,"url":"https:\/\/www.panpagan.com\/forum_neu\/ppwp\/kritische-gedanken-zum-jubilaeum\/","url_meta":{"origin":1138,"position":0},"title":"(Kritische) Gedanken zum Jubil\u00e4um","author":"Siat","date":"22. Januar 2017","format":false,"excerpt":"Liebe Freunde, Mitglieder und Bekannte, f\u00fcr uns ist es kaum zu glauben, doch wir haben am 17.01. unser zehn j\u00e4hriges Jubil\u00e4um gehabt. In diesen Jahren ist unglaublich viel passiert. Es haben viele wunderbare und tolle Menschen unsere Wege gekreuzt. Einige blieben, von anderen trennte sich der Weg wieder. Manchmal nicht\u2026","rel":"","context":"In &quot;Editorials&quot;","block_context":{"text":"Editorials","link":"https:\/\/www.panpagan.com\/forum_neu\/ppwp\/category\/editorials\/"},"img":{"alt_text":"","src":"https:\/\/i0.wp.com\/www.panpagan.com\/forum_neu\/ppwp\/wp-content\/uploads\/2014\/10\/Erdspirale.jpg?resize=350%2C200&ssl=1","width":350,"height":200,"srcset":"https:\/\/i0.wp.com\/www.panpagan.com\/forum_neu\/ppwp\/wp-content\/uploads\/2014\/10\/Erdspirale.jpg?resize=350%2C200&ssl=1 1x, https:\/\/i0.wp.com\/www.panpagan.com\/forum_neu\/ppwp\/wp-content\/uploads\/2014\/10\/Erdspirale.jpg?resize=525%2C300&ssl=1 1.5x, https:\/\/i0.wp.com\/www.panpagan.com\/forum_neu\/ppwp\/wp-content\/uploads\/2014\/10\/Erdspirale.jpg?resize=700%2C400&ssl=1 2x"},"classes":[]},{"id":1160,"url":"https:\/\/www.panpagan.com\/forum_neu\/ppwp\/neuheidentum-und-rechtsextremismus-von-siat\/","url_meta":{"origin":1138,"position":1},"title":"(Neu)Heidentum und Rechtsextremismus von Siat","author":"Siat","date":"29. Januar 2017","format":false,"excerpt":"Hallo zusammen, heute m\u00f6chte ich aus aktuellem Anlass ein paar Gedanken zum Thema (Neu)Heidentum und Rechtsextremismus teilen. Wer bisher nicht mitkommen haben sollte, was der letzten Tage so los gewesen ist, der m\u00f6ge sich den Artikel der Nornirs \u00c6tt \u201eNazi-Druide\u201c \u201eBurgos\u201c alias \u201eHasspredix\u201c und die \u201eHeidenszene\u201c , sowie die Nachrichten\u2026","rel":"","context":"In &quot;Allgemein&quot;","block_context":{"text":"Allgemein","link":"https:\/\/www.panpagan.com\/forum_neu\/ppwp\/category\/allgemein\/"},"img":{"alt_text":"","src":"","width":0,"height":0},"classes":[]},{"id":546,"url":"https:\/\/www.panpagan.com\/forum_neu\/ppwp\/27-12-14-editorial\/","url_meta":{"origin":1138,"position":2},"title":"27.12.14 &#8211; Editorial","author":"Redaktion","date":"28. Dezember 2014","format":false,"excerpt":"\u00a0 In der Stille angekommen In der Stille angekommen gehe ich in mich, stehe ich zu meinen St\u00e4rken und Schw\u00e4chen, liegen mir mein Leben und die Liebe am Herzen. In der Stille angekommen, sehe ich mich, dich, euch und die Welt mit anderen Augen, mit den Augen des Herzens. In\u2026","rel":"","context":"In &quot;Editorials&quot;","block_context":{"text":"Editorials","link":"https:\/\/www.panpagan.com\/forum_neu\/ppwp\/category\/editorials\/"},"img":{"alt_text":"","src":"https:\/\/i0.wp.com\/www.panpagan.com\/forum_neu\/ppwp\/wp-content\/uploads\/2014\/12\/Wintermorgen.jpg?resize=350%2C200&ssl=1","width":350,"height":200,"srcset":"https:\/\/i0.wp.com\/www.panpagan.com\/forum_neu\/ppwp\/wp-content\/uploads\/2014\/12\/Wintermorgen.jpg?resize=350%2C200&ssl=1 1x, https:\/\/i0.wp.com\/www.panpagan.com\/forum_neu\/ppwp\/wp-content\/uploads\/2014\/12\/Wintermorgen.jpg?resize=525%2C300&ssl=1 1.5x, https:\/\/i0.wp.com\/www.panpagan.com\/forum_neu\/ppwp\/wp-content\/uploads\/2014\/12\/Wintermorgen.jpg?resize=700%2C400&ssl=1 2x, https:\/\/i0.wp.com\/www.panpagan.com\/forum_neu\/ppwp\/wp-content\/uploads\/2014\/12\/Wintermorgen.jpg?resize=1050%2C600&ssl=1 3x, https:\/\/i0.wp.com\/www.panpagan.com\/forum_neu\/ppwp\/wp-content\/uploads\/2014\/12\/Wintermorgen.jpg?resize=1400%2C800&ssl=1 4x"},"classes":[]},{"id":500,"url":"https:\/\/www.panpagan.com\/forum_neu\/ppwp\/moeglichkeiten-und-unmoeglichkeiten-von-wahrsagerei-teil-2\/","url_meta":{"origin":1138,"position":3},"title":"M\u00f6glichkeiten und Unm\u00f6glichkeiten von Wahrsagerei (Teil 2)","author":"Siat","date":"17. November 2014","format":false,"excerpt":"Wenn ich nun durch die Befragung eines Orakels einen Schimmer davon bekomme, was mich erwartet bzw. eher erwarten k\u00f6nnte... Was tu ich dann mit der Info? Im voran gegangenen Teil klang es ja bereits an: Es ist nat\u00fcrlich stark davon abh\u00e4ngig, als was ich die Aussagen eines Orakels betrachte und\u2026","rel":"","context":"In &quot;Allgemein&quot;","block_context":{"text":"Allgemein","link":"https:\/\/www.panpagan.com\/forum_neu\/ppwp\/category\/allgemein\/"},"img":{"alt_text":"","src":"https:\/\/i0.wp.com\/www.panpagan.com\/forum_neu\/ppwp\/wp-content\/uploads\/2014\/11\/Runes_Pinterest2.jpg?resize=350%2C200&ssl=1","width":350,"height":200,"srcset":"https:\/\/i0.wp.com\/www.panpagan.com\/forum_neu\/ppwp\/wp-content\/uploads\/2014\/11\/Runes_Pinterest2.jpg?resize=350%2C200&ssl=1 1x, https:\/\/i0.wp.com\/www.panpagan.com\/forum_neu\/ppwp\/wp-content\/uploads\/2014\/11\/Runes_Pinterest2.jpg?resize=525%2C300&ssl=1 1.5x, https:\/\/i0.wp.com\/www.panpagan.com\/forum_neu\/ppwp\/wp-content\/uploads\/2014\/11\/Runes_Pinterest2.jpg?resize=700%2C400&ssl=1 2x"},"classes":[]},{"id":376,"url":"https:\/\/www.panpagan.com\/forum_neu\/ppwp\/der-verdraengte-tod-2\/","url_meta":{"origin":1138,"position":4},"title":"Der verdr\u00e4ngte Tod","author":"Siat","date":"19. Oktober 2014","format":false,"excerpt":"Ein paar lose Gedanken zum Umgang mit Sterben und Tod Samhain, das Fest zu Ehren der Verstorbenen steht unmittelbar vor der T\u00fcr. Die Schleier zwischen den Welten lichtet sich und es wird leichter sowohl f\u00fcr uns als auch f\u00fcr die, die vor uns gegangen sind, die Grenzen zwischen den Welten\u2026","rel":"","context":"In &quot;Allgemein&quot;","block_context":{"text":"Allgemein","link":"https:\/\/www.panpagan.com\/forum_neu\/ppwp\/category\/allgemein\/"},"img":{"alt_text":"","src":"https:\/\/i0.wp.com\/www.panpagan.com\/forum_neu\/ppwp\/wp-content\/uploads\/2014\/10\/Samhain_Urnenhain_zu_AllerseelenWikipedia.jpg?resize=350%2C200&ssl=1","width":350,"height":200,"srcset":"https:\/\/i0.wp.com\/www.panpagan.com\/forum_neu\/ppwp\/wp-content\/uploads\/2014\/10\/Samhain_Urnenhain_zu_AllerseelenWikipedia.jpg?resize=350%2C200&ssl=1 1x, https:\/\/i0.wp.com\/www.panpagan.com\/forum_neu\/ppwp\/wp-content\/uploads\/2014\/10\/Samhain_Urnenhain_zu_AllerseelenWikipedia.jpg?resize=525%2C300&ssl=1 1.5x, https:\/\/i0.wp.com\/www.panpagan.com\/forum_neu\/ppwp\/wp-content\/uploads\/2014\/10\/Samhain_Urnenhain_zu_AllerseelenWikipedia.jpg?resize=700%2C400&ssl=1 2x"},"classes":[]},{"id":631,"url":"https:\/\/www.panpagan.com\/forum_neu\/ppwp\/mantra-chant-affirmation-ein-versuch-der-unterscheidung-teil-4\/","url_meta":{"origin":1138,"position":5},"title":"Mantra, Chant &#038; Affirmation-Ein Versuch der Unterscheidung (Teil 4)","author":"Siat","date":"8. M\u00e4rz 2015","format":false,"excerpt":"Nachdem wir uns im zweiten\u00a0 und dritten Teil dieser Artikelreihe mit den Begriffen des Chants und der Affirmation auseinandergesetzt haben, m\u00f6chte ich mich dem etwas komplexen Thema \"Mantra\" widmen. \u092e\u0928\u094d\u0924\u094d\u0930 Mantra Wortherkunft Der Begriff stammt aus dem Sanskrit, bei der es sich, ganz grob gesagt, um eine alt-indische Sprache handelt,\u2026","rel":"","context":"In &quot;Am Anfang&quot;","block_context":{"text":"Am Anfang","link":"https:\/\/www.panpagan.com\/forum_neu\/ppwp\/category\/tempel-und-hain\/am-anfang\/"},"img":{"alt_text":"","src":"https:\/\/i0.wp.com\/www.panpagan.com\/forum_neu\/ppwp\/wp-content\/uploads\/2014\/11\/LikhitaJapaDurga2.jpg?resize=350%2C200&ssl=1","width":350,"height":200,"srcset":"https:\/\/i0.wp.com\/www.panpagan.com\/forum_neu\/ppwp\/wp-content\/uploads\/2014\/11\/LikhitaJapaDurga2.jpg?resize=350%2C200&ssl=1 1x, https:\/\/i0.wp.com\/www.panpagan.com\/forum_neu\/ppwp\/wp-content\/uploads\/2014\/11\/LikhitaJapaDurga2.jpg?resize=525%2C300&ssl=1 1.5x, https:\/\/i0.wp.com\/www.panpagan.com\/forum_neu\/ppwp\/wp-content\/uploads\/2014\/11\/LikhitaJapaDurga2.jpg?resize=700%2C400&ssl=1 2x"},"classes":[]}],"_links":{"self":[{"href":"https:\/\/www.panpagan.com\/forum_neu\/ppwp\/wp-json\/wp\/v2\/posts\/1138","targetHints":{"allow":["GET"]}}],"collection":[{"href":"https:\/\/www.panpagan.com\/forum_neu\/ppwp\/wp-json\/wp\/v2\/posts"}],"about":[{"href":"https:\/\/www.panpagan.com\/forum_neu\/ppwp\/wp-json\/wp\/v2\/types\/post"}],"author":[{"embeddable":true,"href":"https:\/\/www.panpagan.com\/forum_neu\/ppwp\/wp-json\/wp\/v2\/users\/2"}],"replies":[{"embeddable":true,"href":"https:\/\/www.panpagan.com\/forum_neu\/ppwp\/wp-json\/wp\/v2\/comments?post=1138"}],"version-history":[{"count":3,"href":"https:\/\/www.panpagan.com\/forum_neu\/ppwp\/wp-json\/wp\/v2\/posts\/1138\/revisions"}],"predecessor-version":[{"id":1150,"href":"https:\/\/www.panpagan.com\/forum_neu\/ppwp\/wp-json\/wp\/v2\/posts\/1138\/revisions\/1150"}],"wp:featuredmedia":[{"embeddable":true,"href":"https:\/\/www.panpagan.com\/forum_neu\/ppwp\/wp-json\/wp\/v2\/media\/1068"}],"wp:attachment":[{"href":"https:\/\/www.panpagan.com\/forum_neu\/ppwp\/wp-json\/wp\/v2\/media?parent=1138"}],"wp:term":[{"taxonomy":"category","embeddable":true,"href":"https:\/\/www.panpagan.com\/forum_neu\/ppwp\/wp-json\/wp\/v2\/categories?post=1138"},{"taxonomy":"post_tag","embeddable":true,"href":"https:\/\/www.panpagan.com\/forum_neu\/ppwp\/wp-json\/wp\/v2\/tags?post=1138"}],"curies":[{"name":"wp","href":"https:\/\/api.w.org\/{rel}","templated":true}]}}