{"id":1084,"date":"2017-01-22T22:46:37","date_gmt":"2017-01-22T20:46:37","guid":{"rendered":"http:\/\/www.panpagan.com\/forum_neu\/ppwp\/?p=1084"},"modified":"2017-01-22T22:46:37","modified_gmt":"2017-01-22T20:46:37","slug":"kritische-gedanken-zum-jubilaeum","status":"publish","type":"post","link":"https:\/\/www.panpagan.com\/forum_neu\/ppwp\/kritische-gedanken-zum-jubilaeum\/","title":{"rendered":"(Kritische) Gedanken zum Jubil\u00e4um"},"content":{"rendered":"<p>Liebe Freunde, Mitglieder und Bekannte,<\/p>\n<p>f\u00fcr uns ist es kaum zu glauben, doch wir haben am 17.01. unser zehn j\u00e4hriges Jubil\u00e4um gehabt.<br \/>\nIn diesen Jahren ist unglaublich viel passiert. Es haben viele wunderbare und tolle Menschen unsere Wege gekreuzt. Einige blieben, von anderen trennte sich der Weg wieder. Manchmal nicht ohne eine (gro\u00dfe) L\u00fccke zu hinterlassen.<\/p>\n<p>Das PanPagan wurde \u201edamals\u201c in einer Nacht- und Nebelaktion &#8222;geboren&#8220;.<br \/>\nUnser Mutterforum, das <a href=\"http:\/\/paganforum.de\/\">Paganforum<\/a> schloss von jetzt auf gleich seine Pforten, weil Pagan, der Besitzer des Forums, der Streitigkeiten und Problemen, die zu diesem Zeitpunkt bedauerlicher Weise \u00dcberhand genommen hatten, \u00fcberdr\u00fcssig wurde.-Wof\u00fcr wir einerseits vollstes Verst\u00e4ndnis hatten, andererseits h\u00e4tten wir uns im Paganforum-Team gew\u00fcnscht, \u00fcber seine Absichten informiert zu werden.<br \/>\nAber so waren wir genauso \u00fcberrumpelt, wie alle anderen Mitglieder.<br \/>\nStarFire, der schon lange im Paganforum moderierte und administrierte, und ich beschlossen darauf hin, das Tochterforum \u201ePanPagan\u201c ins Leben zu rufen, und so den alten Mitgliedern eine neue Bleibe anzubieten.<\/p>\n<p>Mit der Hilfe unseres alten Admins und Forenbesitzers Pagan, besorgten wir die Forensoftware, richteten Benutzergruppen ein, gestalteten die Forumsstruktur, die wir bis heute zum gr\u00f6\u00dften Teil beibehalten haben, gestalteten Gruppen und ihre Rechte&#8230; Bis hin zum Zusammentragen der Smilies.<br \/>\nDas Ganze lief innerhalb von ca. sechs Stunden ab, wobei wir uns die gesamte Nacht auf den 17.01. um die Ohren schlugen.<br \/>\nAls das Forum stand, konnten wir schlie\u00dflich auch \u00fcber die Software des Paganforums die Mitglieder in unsere Hallen einladen.<br \/>\nDie Resonanz war damals \u00fcberw\u00e4ltigend gro\u00df.<br \/>\nDoch das PanPagan ist nat\u00fcrlich nicht das Paganforum, und jedes Forum entwickelt seine eigene Dynamik.<\/p>\n<p><strong>Nach dem Ansturm&#8230;<br \/>\n<\/strong>Im Laufe der Jahre hat sich der Enthusiasmus etwas \u201eabgek\u00fchlt\u201c, und das Forum ist in den letzten zehn Jahren stiller geworden.<br \/>\nIch denke mir manchmal, dass es einfach auch ein Spiegel der Zeit ist. Durch die Sozialen Netzwerke wurde den Internetforen ein Teil der Aktivit\u00e4ten genommen. Etwas, das ich nicht nur bei uns beobachte, sondern auch anderswo.<br \/>\nVor allen Dingen, wenn es um tiefere Diskussionen geht.<br \/>\nDennoch besch\u00e4ftig mich diese Entwicklung.<\/p>\n<p><strong>Ein Forum lebt nicht von den Admins allein, sondern von seinen Mitgliedern<br \/>\n<\/strong>Das Pan war und ist ein Forum, in dem wir als Betreiber und Admins Wert darauf legen, dass bestimmte Themenbereiche, die bereits im Paganforum ausuferten und das Forengeschehen dominierten (z.B. Small-Talk-Themen, Spiele usw.) , (stark) eingeschr\u00e4nkt werden, und das relativ strikt zwischen pers\u00f6nlichen Wahrheiten, Meinungen und Erkenntnissen (unverified personal gnosis, kurz UPG) und historischen, wissenschaftlich fundierten Fakten und Theorien differenziert wird.<br \/>\nDas wird, wenn ich kritisch dar\u00fcber nachdenke, sicher die oder den einen oder anderen recht schnell wieder aus unserem Forum katapultiert und verschreckt haben, weil wir da h\u00e4ufig sehr schnell und vehement reagieren, bzw. reagiert haben.<br \/>\nIn den letzten Jahren habe ich beobachtet, dass immer wieder thematische Diskussionen, die sicherlich auch kontrovers betrachtet werden konnten, bereits im Keim erstickt wurden. Die Gr\u00fcnde, die ich wahrnehme, waren da sehr vielf\u00e4ltig.<br \/>\nAngefangen von \u201eesoterisch-weichgesp\u00fclter Quatsch\u201c, \u00fcber \u201edar\u00fcber braucht man nicht diskutieren, weil das historisch so oder so (nicht) ist\u201c, hin zu \u201edas hatten wir bereits im alten Paganforum (,da wollen wir einfach nicht mehr dr\u00fcber diskutieren)\u201c.<br \/>\nDar\u00fcber hinaus scheint mir, dass eine gewisse, allgemeine \u201eDiskussions\u201c- oder \u201eGespr\u00e4chsm\u00fcdigkeit\u201c eingetreten ist.<br \/>\nWenn ich mich in den sozialen Netzwerken umsehe, dann beobachte ich, dass sich auch in der deutschen Heiden\u201cszene\u201c eine Menge tut, \u00fcber das sich zu reden lohnen w\u00fcrde, wor\u00fcber man diskutieren k\u00f6nnte.<br \/>\nDoch das scheint aus irgendeinem Grund bei uns derzeit leider eher uninteressant und wenig diskussionsw\u00fcrdig zu sein.<br \/>\nIch finde das unglaublich schade.<br \/>\n<em><strong>Ein Forum lebt in aller erster Linie von den Beitr\u00e4gen der Mitglieder,<\/strong><\/em> und nicht ausschlie\u00dflich von uns Admins (bzw. von unserer Bespa\u00dfung)!<br \/>\nEs n\u00fctzt ja auch nichts, wenn ich mir Gedanken \u00fcber Themen mache (sei es f\u00fcr das Blog oder f\u00fcr Postings im Forum), und es kommt darauf keine Reaktion! Das ist ziemlich frustrierend, und macht mir eben so wenig Spa\u00df.<br \/>\nDar\u00fcber hinaus ist die Bandbreite des Heidentums und den damit verbundenen Themen so unglaublich vielf\u00e4ltig und riesig&#8230; die k\u00f6nnen wir als Admins gar nicht abdecken, geschweige denn \u00fcberblicken.<br \/>\nDa bedarf es einfach des Mitwirkens der einzelnen Mitglieder.<\/p>\n<p><em>Ohne eine aktive Beteiligung, nicht nur im Antworten geben, sondern auch im Beisteuern von Themen, d\u00fcmpelt ein Forum leider vor sich hin<\/em>.-So wie es das Pan bedauerlicher Weise derzeit tut.<\/p>\n<p><strong>Manchmal frustriert es&#8230;<br \/>\n<\/strong>Ich liebe mein \u201eBaby\u201c&#8230; Aber die letzten 2-3 Jahre war es f\u00fcr uns auch ziemlich frustrierend.<br \/>\nEs gab immer wieder (alte) Mitglieder, die und das Feedback gaben (z.T. nachdem sie das Forum verlie\u00dfen): \u201eHier ist ja nix los\u201c, oder \u201eDie Themen lassen zu w\u00fcnschen \u00fcbrig\u201c oder \u00e4hnliches.<br \/>\nMeine, bzw. unsere Antwort kann darauf einfach nur sein: \u201eWarum bringst du nicht die Dinge ein, die dich interessieren?\u201c Die Antwort darauf war bedauerlicher einfach Schweigen.<br \/>\nEs ist leicht, den Grund dessen, warum etwas \u201ezu langweilig\u201c oder dergleichen ist, in dem zu suchen, was einen ent-t\u00e4uscht. Fakt ist aber, dass man mit-wirken kann, darf und sollte, wenn einem an etwas liegt.<\/p>\n<p>Manche Dinge k\u00f6nnen sich nur ver\u00e4ndern, wenn man bereit ist, mitzuwirken, sich zu beteiligen und seinen Teil beizutragen. Wenn man selbst aktiv wird. Das gilt im Reallife au\u00dferhalb des Internets genauso, wie f\u00fcr das Internet.<\/p>\n<p><strong><em>Admins und Moderatoren sind keine Animateure<\/em><\/strong>, die ausschlie\u00dflich zur Besch\u00e4ftigung und Belustigung der Mitglieder da und aktiv sind!<br \/>\nAuch wir besitzen ein ausgef\u00fclltes Leben au\u00dferhalb des Internets, das unsere (Lebens)Zeit ausf\u00fcllt, und wir leben nicht nur daf\u00fcr, das Forum mit Beitr\u00e4gen zu f\u00fcllen und\/oder Monologe zu f\u00fchren.<br \/>\nWarum ich dies schreibe ist, dass es manchmal die Erwartung mancher Mitglieder zu sein scheint, dass wir rund um die Uhr pr\u00e4sent sind, sofort springen, wenn etwas nicht funktioniert oder wenn irgendetwas ist, und wir nur darauf warten, das Bespa\u00dfungskomitee zu mimen.<br \/>\nJa, diese Erwartung wird entt\u00e4uscht, und ich kann mir vorstellen, dass auch dies einer der Gr\u00fcnde sein kann, warum Mitglieder abspringen\/abgesprungen und\/oder nicht mehr aktiv sind.<br \/>\nAber: Das reale Leben au\u00dferhalb der Virtualit\u00e4t hat nun mal Vorrang.<\/p>\n<p><strong>Manchmal m\u00f6chte ich alles hinschmei\u00dfen&#8230;<br \/>\n<\/strong>Doch dazu liegt mir zu viel an meinem \u201eBaby\u201c. Es gab in den letzten Jahren immer mal wieder Phasen, in denen wir dar\u00fcber nachgedacht haben, einfach das Forum dicht zu machen, weil wir einfach gefrustet waren.<\/p>\n<p>Gefrustet, weil ich das Gef\u00fchl habe, dass wir eingefahren sind, und das Potenzial, was drin steckt, nicht (mehr) nutzen.<br \/>\nGefrustet, weil ich nicht die Zeit, und die Kraft habe, jeden Tag f\u00fcr x-Stunden online zu sein, und Stunden damit zu verbringen, Beitr\u00e4ge zu verfassen, bei denen am Ende kein Feedback kommt, wo es zu keinen Reaktionen oder Gespr\u00e4chen kommt.<br \/>\nGefrustet davon, dass, wenn kontroverse Themen aufkommen, diese abgekanzelt und im Keim erstickt werden., und davon, dass eine gewisse Engstirnigkeit zu herrschen scheint, die es unm\u00f6glich zu machen scheint, Dinge auf einem respektvollen Niveau zu diskutieren, die etwas&#8230; hmmmm&#8230; wie soll ich sagen&#8230; \u201e\u00e4therischer\u201c und \u201eesoterischerer\u201c Natur sind, ohne dass durch den Kakao gezogen oder einfach l\u00e4cherlich gemacht wird.<br \/>\nGefrustet, weil eine gewisse Offenheit zu fehlen scheint, mit der auch \u00fcber Weltbilder, Ansichten, Praktiken, Ideen usw. diskutiert werden k\u00f6nnte, die etwas ab vom (angenommener) Tradition, historischen Authentizit\u00e4t o.\u00e4. liegen (k\u00f6nnten).<\/p>\n<p><strong>Vermisst: Diskussionskultur<br \/>\n<\/strong>Was mir generell dieser Zeit auff\u00e4llt ist, dass eine gewisse Diskussionskultur verloren gegangen zu sein scheint.<br \/>\nDas gilt f\u00fcr das Reallife ebenso wie f\u00fcr das Internet.<br \/>\nEs wird nicht mehr richtig miteinander geredet oder diskutiert, sondern es werden nur noch Meinungen und pers\u00f6nliche Wahrheiten \u201eum die Ohren\u201c geschlagen.<br \/>\nStatt eines \u201eAufeinandereingehens\u201c scheint es mir, als sei heute \u201ein\u201c, einfach nur seine Standpunkte deutlich zu machen und ihn zu vertreten.<br \/>\n\u201eMeine Meinung ist die und die. Die hast du gef\u00e4lligst zu akzeptieren, dar\u00fcber wird nicht diskutiert.\u201c,\u201cDas ist mein Statement, das ich dazu abzugeben habe. Da gibt\u2019s nichts zu diskutieren.\u201c, um nur Beispiele zu nennen.<br \/>\nAuch das ist eine Entwicklung, die ich generell in den letzten Jahren zu beobachten meine. Doch dann frage ich mich, warum man sich in einem Diskussionsforum (oder in einer Gruppe in einem sozialen Netzwerk) aufh\u00e4lt?<\/p>\n<p><strong>Wohin unsere Reise geht&#8230;<br \/>\n<\/strong>Da werden wir uns \u00fcberraschen lassen.<br \/>\nKlar ist f\u00fcr mich, dass ich auf jeden Fall weiter machen m\u00f6chte in dem zeitlichen Rahmen, der mir zur Verf\u00fcgung steht.<br \/>\nMein Stern StarFire hat sich etwas rausgenommen, und ist, wie im letzen Beitrag bereits geschrieben, nur im Notfall f\u00fcr technische Probleme und \u00e4hnliches ansprechbar.<\/p>\n<p>Wenn ich mir etwas f\u00fcr die n\u00e4chsten Jahre w\u00fcnschen w\u00fcrde, dann w\u00e4re es nat\u00fcrlich, dass wieder mehr \u201eLeben in die Bude\u201c kommt,<br \/>\nEine aktivere Beiteiligung. Sei es durch das Aufbringen von Ideen f\u00fcr Themen (Blog-und Forumstechnisch), sei es durch das Ansregen von Diskussionen\/Gespr\u00e4chen&#8230; Was auch immer.<br \/>\nUnd zwei ganz gro\u00dfer W\u00fcnsche sind:<\/p>\n<ul>\n<li><strong>Offenheit.<\/strong> Das wir aus unserer (scheinbaren) &#8222;Verschlossenheit&#8220; herauskommen, und Neues Willkommen hei\u00dfen k\u00f6nnen. \ud83d\ude00 Ganz im Zeichen des bald einbrechenden Fr\u00fchlings. \ud83d\ude09 und<\/li>\n<li><strong>KONSTRUKTIVE (!!!) Kritik. <\/strong>Wir sind nat\u00fcrlich nicht perfekt, und es gibt sicher immer etwas zu verbessern. Von unserer Seite, wie aber auch von Eurer. Konstrukitve Kritik bedeutet, konkret zu sein, und nicht nur zu sagen: &#8222;Die Beitr\u00e4ge interessieren mich halt nicht&#8230;&#8220; sondern dann auch zu sagen: &#8222;Mich w\u00fcrde mehr zu diesem und jenem Thema interessieren, oder das und das.&#8220;!<br \/>\nUND es bedeutet aber auch die Bereitschaft (wie oben bereits geschrieben), auch selbst etwas dazu beizutragen, und sich ggf. selbst zu fragen: &#8222;Was kann ich denn dazu tun, dass sich die Situation verbessert?&#8220;<\/li>\n<\/ul>\n<p>In diesem Sinne liebe Gr\u00fc\u00dfe<br \/>\nEure Admins<\/p>\n<p>Siat und StarFire<\/p>\n","protected":false},"excerpt":{"rendered":"<p>Liebe Freunde, Mitglieder und Bekannte, f\u00fcr uns ist es kaum zu glauben, doch wir haben am 17.01. unser zehn j\u00e4hriges Jubil\u00e4um gehabt. In diesen Jahren ist unglaublich viel passiert. Es haben viele wunderbare und tolle Menschen unsere Wege gekreuzt. Einige blieben, von anderen trennte sich der Weg wieder. Manchmal nicht ohne eine (gro\u00dfe) L\u00fccke zu &hellip; <a href=\"https:\/\/www.panpagan.com\/forum_neu\/ppwp\/kritische-gedanken-zum-jubilaeum\/\" class=\"more-link\"><span class=\"screen-reader-text\">(Kritische) Gedanken zum Jubil\u00e4um<\/span> weiterlesen <span class=\"meta-nav\">&rarr;<\/span><\/a><\/p>\n","protected":false},"author":2,"featured_media":443,"comment_status":"open","ping_status":"open","sticky":false,"template":"","format":"standard","meta":{"jetpack_post_was_ever_published":false,"_jetpack_newsletter_access":"","_jetpack_dont_email_post_to_subs":false,"_jetpack_newsletter_tier_id":0,"_jetpack_memberships_contains_paywalled_content":false,"_jetpack_memberships_contains_paid_content":false,"footnotes":"","jetpack_publicize_message":"","jetpack_publicize_feature_enabled":true,"jetpack_social_post_already_shared":true,"jetpack_social_options":{"image_generator_settings":{"template":"highway","default_image_id":0,"font":"","enabled":false},"version":2}},"categories":[54,7],"tags":[],"class_list":["post-1084","post","type-post","status-publish","format-standard","has-post-thumbnail","hentry","category-editorials","category-panpagan-forum"],"jetpack_publicize_connections":[],"jetpack_featured_media_url":"https:\/\/www.panpagan.com\/forum_neu\/ppwp\/wp-content\/uploads\/2014\/10\/Erdspirale.jpg","jetpack_sharing_enabled":true,"jetpack_shortlink":"https:\/\/wp.me\/p55jil-hu","jetpack_likes_enabled":true,"jetpack-related-posts":[{"id":1057,"url":"https:\/\/www.panpagan.com\/forum_neu\/ppwp\/statt-eines-editorials\/","url_meta":{"origin":1084,"position":0},"title":"Statt eines Editorials","author":"PanPagan-Team","date":"15. Januar 2017","format":false,"excerpt":"Liebe LeserInnen, liebe Forenmitglieder, Freunde und Bekannte, 2017 ist bereits einige Tage alt, doch wir m\u00f6chten Euch allen dennoch\u00a0 ein gesundes, erfolgreiches, gl\u00fcckliches und gesegnetes Jahr, voll von Einsichten und Erkenntnissen, dem Treffen neuer (und vielleicht alter) Bekannter und Freunden, und erlebnisreichen Ereignissen w\u00fcnschen. 2017\u00a0 steckt noch in seinen Kinderschuhen,\u2026","rel":"","context":"In &quot;Allgemein&quot;","block_context":{"text":"Allgemein","link":"https:\/\/www.panpagan.com\/forum_neu\/ppwp\/category\/allgemein\/"},"img":{"alt_text":"","src":"https:\/\/i0.wp.com\/www.panpagan.com\/forum_neu\/ppwp\/wp-content\/uploads\/2017\/01\/Schneespirale1.jpg?resize=350%2C200&ssl=1","width":350,"height":200,"srcset":"https:\/\/i0.wp.com\/www.panpagan.com\/forum_neu\/ppwp\/wp-content\/uploads\/2017\/01\/Schneespirale1.jpg?resize=350%2C200&ssl=1 1x, https:\/\/i0.wp.com\/www.panpagan.com\/forum_neu\/ppwp\/wp-content\/uploads\/2017\/01\/Schneespirale1.jpg?resize=525%2C300&ssl=1 1.5x, https:\/\/i0.wp.com\/www.panpagan.com\/forum_neu\/ppwp\/wp-content\/uploads\/2017\/01\/Schneespirale1.jpg?resize=700%2C400&ssl=1 2x"},"classes":[]},{"id":1297,"url":"https:\/\/www.panpagan.com\/forum_neu\/ppwp\/eindruecke-von-unserem-litha-ritual\/","url_meta":{"origin":1084,"position":1},"title":"Eindr\u00fccke von unserem Litha-Ritual","author":"Siat","date":"10. Juli 2017","format":false,"excerpt":"Es war ein wunderbares Fest. Auch wenn die Temperaturen etwas zu w\u00fcnschen \u00fcbrig lie\u00dfen (die Schafsk\u00e4lte war noch nicht vor\u00fcber), so verbrachten wir doch ein wundervolles Wochenende und einen tollen Ritual-Tag. Aus terminlichen Gr\u00fcnden hatten wir unsere Feier auf den Sonnabend vor der eigentlichen Sonnenwende gelegt. Ich wagte dieses Mal\u2026","rel":"","context":"In &quot;Der Jahreskreis&quot;","block_context":{"text":"Der Jahreskreis","link":"https:\/\/www.panpagan.com\/forum_neu\/ppwp\/category\/tempel-und-hain\/feste-und-feiern\/der-jahreskreis\/"},"img":{"alt_text":"","src":"https:\/\/i0.wp.com\/www.panpagan.com\/forum_neu\/ppwp\/wp-content\/uploads\/2017\/07\/Litha2017_Mittag1.jpg?resize=350%2C200&ssl=1","width":350,"height":200,"srcset":"https:\/\/i0.wp.com\/www.panpagan.com\/forum_neu\/ppwp\/wp-content\/uploads\/2017\/07\/Litha2017_Mittag1.jpg?resize=350%2C200&ssl=1 1x, https:\/\/i0.wp.com\/www.panpagan.com\/forum_neu\/ppwp\/wp-content\/uploads\/2017\/07\/Litha2017_Mittag1.jpg?resize=525%2C300&ssl=1 1.5x, https:\/\/i0.wp.com\/www.panpagan.com\/forum_neu\/ppwp\/wp-content\/uploads\/2017\/07\/Litha2017_Mittag1.jpg?resize=700%2C400&ssl=1 2x"},"classes":[]},{"id":1138,"url":"https:\/\/www.panpagan.com\/forum_neu\/ppwp\/editorial-22-januar-2017\/","url_meta":{"origin":1084,"position":2},"title":"Editorial-22.Januar 2017","author":"Siat","date":"22. Januar 2017","format":false,"excerpt":"Hallo zusammen, 10 Jahre PanPagan-Forum! Ist es zu glauben? F\u00fcr uns jedenfalls nicht. Als StarFire und ich am 17.01. 2007 das Forum Holter die Polter aus dem Boden stampften, haben wir gar keinen Gedanken daran verloren, wie sich unser \"Baby\" entwickeln w\u00fcrde. Die \"Sturm-und-Drang\"-Zeiten scheinen vorbei zu sein. In den\u2026","rel":"","context":"In &quot;Editorials&quot;","block_context":{"text":"Editorials","link":"https:\/\/www.panpagan.com\/forum_neu\/ppwp\/category\/editorials\/"},"img":{"alt_text":"","src":"https:\/\/i0.wp.com\/www.panpagan.com\/forum_neu\/ppwp\/wp-content\/uploads\/2017\/01\/Schneespaziergang_Jan17_9.jpg?resize=350%2C200&ssl=1","width":350,"height":200,"srcset":"https:\/\/i0.wp.com\/www.panpagan.com\/forum_neu\/ppwp\/wp-content\/uploads\/2017\/01\/Schneespaziergang_Jan17_9.jpg?resize=350%2C200&ssl=1 1x, https:\/\/i0.wp.com\/www.panpagan.com\/forum_neu\/ppwp\/wp-content\/uploads\/2017\/01\/Schneespaziergang_Jan17_9.jpg?resize=525%2C300&ssl=1 1.5x, https:\/\/i0.wp.com\/www.panpagan.com\/forum_neu\/ppwp\/wp-content\/uploads\/2017\/01\/Schneespaziergang_Jan17_9.jpg?resize=700%2C400&ssl=1 2x"},"classes":[]},{"id":49,"url":"https:\/\/www.panpagan.com\/forum_neu\/ppwp\/was-steckt-hinter-dem-namen-panpagan\/","url_meta":{"origin":1084,"position":3},"title":"Was steckt hinter dem Namen PanPagan?","author":"PanPagan-Team","date":"20. September 2014","format":false,"excerpt":"2007 entstand das PanPagan in einer Nacht- und Nebelaktion, als der Admin unseres Mutterforums Paganforum.de f\u00fcr uns alle v\u00f6llig unerwartet die Tore des Forum schloss. Es waren damals bedauerlicher Weise einige sehr unsch\u00f6ne Dinge reichlich aus dem Ruder gelaufen, die dazu f\u00fchrten, dass er einfach die Nase voll hatte.-Verst\u00e4ndlich... Ich\u2026","rel":"","context":"In &quot;PanPagan-Forum&quot;","block_context":{"text":"PanPagan-Forum","link":"https:\/\/www.panpagan.com\/forum_neu\/ppwp\/category\/panpagan-forum\/"},"img":{"alt_text":"","src":"","width":0,"height":0},"classes":[]},{"id":477,"url":"https:\/\/www.panpagan.com\/forum_neu\/ppwp\/editorial-09-11-2014-2\/","url_meta":{"origin":1084,"position":4},"title":"Editorial &#8211; 09.11.2014","author":"Redaktion","date":"9. November 2014","format":false,"excerpt":"\u00a0 Die dunkle Jahreszeit ist angebrochen. Die Tage sind jetzt schon merklich k\u00fcrzer und auch die Temperaturen sinken in der Nacht schon auf etwas knusprigere Temperaturen. Zwar friert es noch nicht, aber vermutlich wird der erste Frost auch nicht mehr allzu lange auf sich warten lassen. Die Samhain-Feuer, so welche\u2026","rel":"","context":"In &quot;Editorials&quot;","block_context":{"text":"Editorials","link":"https:\/\/www.panpagan.com\/forum_neu\/ppwp\/category\/editorials\/"},"img":{"alt_text":"\u00a9 Siat","src":"https:\/\/i0.wp.com\/www.panpagan.com\/forum_neu\/ppwp\/wp-content\/uploads\/2014\/11\/Scheideweg-255x300.jpg?resize=350%2C200&ssl=1","width":350,"height":200},"classes":[]},{"id":902,"url":"https:\/\/www.panpagan.com\/forum_neu\/ppwp\/26-07-15-editorial\/","url_meta":{"origin":1084,"position":5},"title":"26.07.15-Editorial","author":"Redaktion","date":"26. Juli 2015","format":false,"excerpt":"\u00a0 \u00a0 Hallo zusammen, Lughnassadh, bzw. Lammas steht vor unserer T\u00fcr. Die ersten Ernten wurden und werden eingebracht und wir sehen das Korn in voller Reife. F\u00fcr einige ist Lammas das erste Erntefest von dreien, an dessen Ende Samhain und damit auch das Ende des heidnischen Jahreskreises steht. Wir sp\u00fcren\u2026","rel":"","context":"In &quot;Editorials&quot;","block_context":{"text":"Editorials","link":"https:\/\/www.panpagan.com\/forum_neu\/ppwp\/category\/editorials\/"},"img":{"alt_text":"","src":"https:\/\/i0.wp.com\/www.panpagan.com\/forum_neu\/ppwp\/wp-content\/uploads\/2015\/07\/A_Contemporary_Goddess_of_the_corn_._Corn_MotherWikimedia.jpg?resize=350%2C200&ssl=1","width":350,"height":200,"srcset":"https:\/\/i0.wp.com\/www.panpagan.com\/forum_neu\/ppwp\/wp-content\/uploads\/2015\/07\/A_Contemporary_Goddess_of_the_corn_._Corn_MotherWikimedia.jpg?resize=350%2C200&ssl=1 1x, https:\/\/i0.wp.com\/www.panpagan.com\/forum_neu\/ppwp\/wp-content\/uploads\/2015\/07\/A_Contemporary_Goddess_of_the_corn_._Corn_MotherWikimedia.jpg?resize=525%2C300&ssl=1 1.5x, https:\/\/i0.wp.com\/www.panpagan.com\/forum_neu\/ppwp\/wp-content\/uploads\/2015\/07\/A_Contemporary_Goddess_of_the_corn_._Corn_MotherWikimedia.jpg?resize=700%2C400&ssl=1 2x"},"classes":[]}],"_links":{"self":[{"href":"https:\/\/www.panpagan.com\/forum_neu\/ppwp\/wp-json\/wp\/v2\/posts\/1084","targetHints":{"allow":["GET"]}}],"collection":[{"href":"https:\/\/www.panpagan.com\/forum_neu\/ppwp\/wp-json\/wp\/v2\/posts"}],"about":[{"href":"https:\/\/www.panpagan.com\/forum_neu\/ppwp\/wp-json\/wp\/v2\/types\/post"}],"author":[{"embeddable":true,"href":"https:\/\/www.panpagan.com\/forum_neu\/ppwp\/wp-json\/wp\/v2\/users\/2"}],"replies":[{"embeddable":true,"href":"https:\/\/www.panpagan.com\/forum_neu\/ppwp\/wp-json\/wp\/v2\/comments?post=1084"}],"version-history":[{"count":5,"href":"https:\/\/www.panpagan.com\/forum_neu\/ppwp\/wp-json\/wp\/v2\/posts\/1084\/revisions"}],"predecessor-version":[{"id":1139,"href":"https:\/\/www.panpagan.com\/forum_neu\/ppwp\/wp-json\/wp\/v2\/posts\/1084\/revisions\/1139"}],"wp:featuredmedia":[{"embeddable":true,"href":"https:\/\/www.panpagan.com\/forum_neu\/ppwp\/wp-json\/wp\/v2\/media\/443"}],"wp:attachment":[{"href":"https:\/\/www.panpagan.com\/forum_neu\/ppwp\/wp-json\/wp\/v2\/media?parent=1084"}],"wp:term":[{"taxonomy":"category","embeddable":true,"href":"https:\/\/www.panpagan.com\/forum_neu\/ppwp\/wp-json\/wp\/v2\/categories?post=1084"},{"taxonomy":"post_tag","embeddable":true,"href":"https:\/\/www.panpagan.com\/forum_neu\/ppwp\/wp-json\/wp\/v2\/tags?post=1084"}],"curies":[{"name":"wp","href":"https:\/\/api.w.org\/{rel}","templated":true}]}}